{"id":876,"date":"2010-04-22T09:18:26","date_gmt":"2010-04-22T07:18:26","guid":{"rendered":"http:\/\/www.tauss-gezwitscher.de\/?p=876"},"modified":"2010-06-01T09:16:17","modified_gmt":"2010-06-01T07:16:17","slug":"vielen-dank","status":"publish","type":"post","link":"https:\/\/www.tauss-gezwitscher.de\/?p=876","title":{"rendered":"Vielen Dank&#8230;."},"content":{"rendered":"<p>Seit Herbst letzten Jahres gibt es jetzt tauss-gezwitscher.de.<\/p>\n<p>Der Versuch hat sich, hoffentlich nicht nur nach meiner Auffassung, gelohnt. 41 Artikel riefen 900 Reaktionen und (\u00fcberwiegend positive) Kommentare hervor. Dem stand &#8222;nur&#8220; \u00a0in 44 F\u00e4llen Spam gegen\u00fcber. Mein Versuch, auch kleine T\u00fccken des Alltags (zum Beispiel die Folgen \u00fcberkochender Orangenmarmelade) einerseits mit ernsthafter Politik und meinen Erfahrungen aus dem Bundestag andererseits zu verbinden, hat sich gelohnt. Die Carta &#8211; Anmerkung von der &#8222;Eigenwilligkeit&#8220; einiger meiner Kommentierungen \u00a0(\u00a0<a href=\"http:\/\/carta.info\/24814\/internet-enquete-sachverstaendige\/\">http:\/\/carta.info\/24814\/internet-enquete-sachverstaendige\/<\/a> ) empfinde ich eher als Kompliment. Es soll eigenwillig bleiben. Und in Sachen Enquete war ich sogar aktueller als ihr, liebe Profis und Freunde von Carta \ud83d\ude42<!--more--><\/p>\n<p>Einige bem\u00e4ngelten meine fehlende Neutralit\u00e4t. Warum sollte ich und gegen\u00fcber wem &#8222;neutral&#8220; sein? Dass ich aus allen politischen Lagern Kritik bekommen habe, beweist dessen ungeachtet das Gegenteil. Einen &#8222;Bonus&#8220; haben bei mir zweifellos jedoch die Piraten. Ungeachtet wie sich die Partei entwickelt und wie sich Einzelpersonen auch in anderen Parteien zum mir auch durchaus freundschaftlich gestellt haben. Dem stand, wiederum partei\u00fcbergreifend, ein unglaubliches Bashing auch von Leuten gegen\u00fcber, von denen ich es zuvor nie vermutet h\u00e4tte.<\/p>\n<p>Die jungen Piraten, und deshalb der Bonus, waren die einzige politische Kraft, die sich selbst im Wahlkampf zum Rechtsstaatsprinzip der Unschuldsvermutung bekannten und daf\u00fcr selbst (mediale) Vorw\u00fcrfe einstecken mussten und dazu standen. Hierf\u00fcr werde ich dieser Partei immer dankbar sein.<\/p>\n<p>Wie geht es weiter? Zun\u00e4chst einmal bin ich f\u00fcr angebotene Hilfe dankbar, die Seite optisch und technisch auf Vordermann zu bringen. Der Kampf mit den Android- Plugins und manchen WordPress- T\u00fccken wird so hoffentlich demn\u00e4chst gewonnen.<\/p>\n<p>Inhaltlich wurde ich gerade bei der re.publica gebeten, noch mehr &#8222;Hintergrund&#8220; zu politischen Abl\u00e4ufen zu geben und hier meine Erfahrungen aus 15 Jahren Bundestag mit einzubringen. Dies will ich in dem gewohnten Mix gerne noch intensiver tun. Dabei wird es auch noch das eine oder andere Revanchefoul geben \ud83d\ude09<\/p>\n<p>Ansonsten ist aber klar: Dieser Blog soll auch einen kleinen Beitrag dazu leisten, gegen die de Maizieres, Kurt Becks und Malmstr\u00f6ms dieser Welt f\u00fcr ein freies Internet, gegen Zensur und f\u00fcr B\u00fcrgerrechte zu k\u00e4mpfen und alle zu unterst\u00fctzen, die dies auch tun.<\/p>\n<p>Ich will auch weiterhin auf Menschen wie Emin und Adnan aufmerksam machen, die nur wegen ihrer Inanspruchnahme des Rechts auf freie Meinungs\u00e4u\u00dferung im Knast sitzen.<\/p>\n<p>Ausserdem werde ich, bis hin zum Thema Abgeordnetenbestechung, weiterhin auch dort laut sein, wo &#8222;die Politik&#8220; traurigerweise selbst dazu beitr\u00e4gt, Politik- und Parlamentsverdrossenheit zu sch\u00fcren.<\/p>\n<p>Eines der unertr\u00e4glichsten aktuellen Beispiele hierf\u00fcr ist der Jugendmedienschutzvertrag.<\/p>\n<p>Alle etablierten Parteien kritisieren ihn in den L\u00e4ndern und im Bund dort, wo sie gerade nicht regieren. Und alle machen bis hin zu billig- gr\u00fcnen Protokollnotizen mit, wo sie tats\u00e4chlich etwas ver\u00e4ndern und verhindern k\u00f6nnten.<\/p>\n<p>Genau dieses Verhalten ist es, mit dem sich Parlamentarismus und Parlamente in einer Form diskreditieren, dass man gar nicht so viel essen kann, wie man in Anbetracht des unglaublichen Vorgangs k&#8230;.. k\u00f6nnte.<\/p>\n<p>Wer sich da so wie aktuell SCHWARZ-ROT-GELB-GR\u00dcN-LINKS verh\u00e4lt, braucht sich \u00fcber die traurige und oft ungerechtfertigte Verachtung gerade junger Menschen gegen\u00fcber unserem parlamentarischen System und vieler seiner Parlamentarier nicht zu wundern.<\/p>\n<p>Nochmals: Vielen Dank f\u00fcr viele Beitr\u00e4ge, Lob &amp; Kriktik. Es wird im oben verstandenen Sinne weiter gezwitschert werden.<\/p>\n","protected":false},"excerpt":{"rendered":"<p>Seit Herbst letzten Jahres gibt es jetzt tauss-gezwitscher.de. Der Versuch hat sich, hoffentlich nicht nur nach meiner Auffassung, gelohnt. 41 Artikel riefen 900 Reaktionen und (\u00fcberwiegend positive) Kommentare hervor. Dem stand &#8222;nur&#8220; \u00a0in 44 F\u00e4llen Spam gegen\u00fcber. Mein Versuch, auch kleine T\u00fccken des Alltags (zum Beispiel die Folgen \u00fcberkochender Orangenmarmelade) einerseits mit ernsthafter Politik und [&hellip;]<\/p>\n","protected":false},"author":3,"featured_media":0,"comment_status":"open","ping_status":"open","sticky":false,"template":"","format":"standard","meta":{"footnotes":""},"categories":[1],"tags":[84,37,4],"class_list":["post-876","post","type-post","status-publish","format-standard","hentry","category-allgemein","tag-bundestag","tag-orangenmarmelade","tag-piraten"],"_links":{"self":[{"href":"https:\/\/www.tauss-gezwitscher.de\/index.php?rest_route=\/wp\/v2\/posts\/876","targetHints":{"allow":["GET"]}}],"collection":[{"href":"https:\/\/www.tauss-gezwitscher.de\/index.php?rest_route=\/wp\/v2\/posts"}],"about":[{"href":"https:\/\/www.tauss-gezwitscher.de\/index.php?rest_route=\/wp\/v2\/types\/post"}],"author":[{"embeddable":true,"href":"https:\/\/www.tauss-gezwitscher.de\/index.php?rest_route=\/wp\/v2\/users\/3"}],"replies":[{"embeddable":true,"href":"https:\/\/www.tauss-gezwitscher.de\/index.php?rest_route=%2Fwp%2Fv2%2Fcomments&post=876"}],"version-history":[{"count":14,"href":"https:\/\/www.tauss-gezwitscher.de\/index.php?rest_route=\/wp\/v2\/posts\/876\/revisions"}],"predecessor-version":[{"id":1021,"href":"https:\/\/www.tauss-gezwitscher.de\/index.php?rest_route=\/wp\/v2\/posts\/876\/revisions\/1021"}],"wp:attachment":[{"href":"https:\/\/www.tauss-gezwitscher.de\/index.php?rest_route=%2Fwp%2Fv2%2Fmedia&parent=876"}],"wp:term":[{"taxonomy":"category","embeddable":true,"href":"https:\/\/www.tauss-gezwitscher.de\/index.php?rest_route=%2Fwp%2Fv2%2Fcategories&post=876"},{"taxonomy":"post_tag","embeddable":true,"href":"https:\/\/www.tauss-gezwitscher.de\/index.php?rest_route=%2Fwp%2Fv2%2Ftags&post=876"}],"curies":[{"name":"wp","href":"https:\/\/api.w.org\/{rel}","templated":true}]}}