{"id":630,"date":"2010-03-05T09:30:35","date_gmt":"2010-03-05T07:30:35","guid":{"rendered":"http:\/\/www.tauss-gezwitscher.de\/?p=630"},"modified":"2010-06-01T09:31:35","modified_gmt":"2010-06-01T07:31:35","slug":"bosbach-und-flachpfeife","status":"publish","type":"post","link":"https:\/\/www.tauss-gezwitscher.de\/?p=630","title":{"rendered":"Wie lange pfeift Bosbach noch flach?"},"content":{"rendered":"<div><span style=\"color: #ff0000;\">+++Aktuell+++<\/span><\/div>\n<div><span style=\"color: #ff0000;\"><br \/>\n<\/span><\/div>\n<div>Da Wolfgang Bosbach immer auch als Vorsitzender des Aussschusses handelt, habe ich dessen Obleute (also die Sprecherinnen und Sprecher der Fraktionen) um Stellungnahmen gebeten. Der CDU-Mann ist mit seinem Amt \u00fcberfordert und sollte zu Konsequenzen aufgefordert werden:<\/div>\n<div>Hier der Text im Wortlaut:<\/div>\n<div><em><span style=\"color: #993300;\"><span style=\"color: #993300;\">Sehr geehrte Damen und Herren Obleute des Innenausschusses,<\/span><\/p>\n<p><\/span><\/em><em><span style=\"color: #993300;\">auf meinem Blog <\/span><\/em><a href=\"http:\/\/tauss-gezwitscher.de\/\"><em><span style=\"color: #993300;\">http:\/\/tauss-gezwitscher.de<\/span><\/em><\/a><em><span style=\"color: #993300;\"> setze ich mich derzeit aus aktuellem Anlass mit dem Verhalten des Vorsitzenden des Innenausschusses auseinander.<\/span><\/em><\/p>\n<p><em><span style=\"color: #993300;\"> <\/span><span style=\"color: #993300;\">Ich kann mich aus meiner 15- j\u00e4hrigen Bundestagst\u00e4tigkeit an viele, insbesondere von der Union begonnene, Auseinandersetzungen erinnern, bei denen es darum ging, dass Ausschussvorsitzende in ihrer Rolle die notwendige &#8222;Neutralit\u00e4t&#8220; gegen\u00fcber einer oder mehrerer von ihm mit zu vertretenen Fraktionen nach deren jeweiliger Auffassung vermissen liessen. Dies war immer kl\u00e4rbar und ist daher auch nicht weiter bemerkenswert.<\/span><\/em><\/p>\n<p><em><span style=\"color: #993300;\">Zu keinem Zeitpunkt kann ich mich aber daran erinnern, dass ein Ausschussvorsitzender sein Amt derart einseitig und undifferenziert zur Abgabe pers\u00f6nlicher oder parteipolitischer Erkl\u00e4rungen in der \u00d6ffentlichkeit missbraucht h\u00e4tte, wie der gegenw\u00e4rtig im Innenbereich amtierende Herr Bosbach.<\/span><\/em><\/p>\n<p><em><span style=\"color: #993300;\">In dieser Woche war dies besonders bemerkenswert, als es um die Vorratsdatenspeicherung ging.<\/span><\/em><\/p>\n<p><em><span style=\"color: #993300;\">Der Vorsitzende des Innenausschusses hat sich dabei in einer Form ge\u00e4u\u00dfert, die weder gegen\u00fcber dem Bundesverfassungsgericht angemessen war noch in irgendeiner Form differenzierte Positionen der von ihm qua Amt mit vertretenen Fraktion(en), \u00fcbrigens noch nicht einmal der \u00a0Parteien der Regierungskoalition, deutlich machten. Die sachliche Unrichtigkeit seiner Behauptungen ist dabei noch nicht einmal das Besondere.<\/span><\/em><\/p>\n<p><em><span style=\"color: #993300;\">Er l\u00e4sst aber auch keinerlei Distanz zu den von ihm als Legislative eigentlich zu kontrollierenden Ministerien oder deren nachgeordnete Beh\u00f6rden erkennen.<\/span><\/em><\/p>\n<p><em><span style=\"color: #993300;\">Dass er dabei zudem auch noch gerne pers\u00f6nlich beleidigend wird, ist nicht weiter neu.<\/span><\/em><\/p>\n<p><em><span style=\"color: #993300;\">Diese Woche nun hat Herr Bosbach aber am Rande einer ZDF- Sendung Herrn Padeluun von FoeBud mit folgenden unfl\u00e4tigen Worten angeschrien: &#8222;Sie sind eine Flachpfeife. sie k\u00f6nnen mich mal&#8220;. Von diesem Ausbruch hat er sich trotz entsprechender Bitte weder distanziert noch entschuldigt.<\/span><\/em><\/p>\n<p><em><span style=\"color: #993300;\">Wohlgemerkt: Hier \u00e4u\u00dfert sich nicht ein Unions- Hinterb\u00e4nkler, sondern der von Ihnen gew\u00e4hlte Vorsitzende Ihres Innenausschusses gegen\u00fcber dem Repr\u00e4sentanten einer angesehenen Organisation der B\u00fcrgerrechtsbewegung. Also auch in Ihrem Namen.<\/span><\/em><\/p>\n<p><em><span style=\"color: #993300;\">Wie bewerten sie dieses Verhalten? In langj\u00e4hriger Mitwirkung im Innenausschuss h\u00e4tte ich dies als Abgeordneter von keinem oder keiner Vorsitzenden akzeptiert.<\/span><\/em><\/p>\n<p><span style=\"color: #993300;\"><em>Ich m\u00f6chte Sie daher bitten, das Verhalten des Herrn Bosbach zu diskutieren und ihn zu pers\u00f6nlichen Konsequenzen aufzufordern. Das Mass ist voll. Er ist mit diesem Amt und der notwendigen Amtsf\u00fchrung schlicht \u00fcberfordert.<\/em><\/span><\/p>\n<p><span style=\"color: #993300;\"><em>F\u00fcr Ihre Stellungnahme bin ich dankbar und werde auch gerne dar\u00fcber &#8222;zwitschern&#8220;.<\/em><\/span><\/p>\n<p><em> <\/em><em><span style=\"color: #993300;\">Mit freundlichen Gr\u00fc\u00dfen<br \/>\nJ\u00f6rg Tauss<!--more--><\/span><\/em><\/p>\n<\/div>\n<div><span style=\"color: #993300;\"><strong><span style=\"color: #000000;\">Zum Hintergrund:<\/span><\/strong><\/span><\/div>\n<div><span style=\"color: #993300;\"><strong><span style=\"color: #000000;\"><br \/>\n<\/span><\/strong><\/span><\/div>\n<div>FoeBud hatte diese Woche behauptet, dass der Vorsitzende des Bundestagsinnenausschusses Herrn Padeluun von FoeBuD hinter einer B\u00fchne beim ZDF mit folgenden Worten bedachte:<\/div>\n<div><em><strong>&#8222;Sie sind eine Flachpfeife. sie k\u00f6nnen mich mal&#8220;<\/strong><\/em><\/div>\n<div><em><strong><br \/>\n<\/strong><\/em><\/div>\n<div>Da ich gebeten wurde, dies zu &#8222;retweeten&#8220; habe ich mich nun nicht allein auf die Aussagen von FoeBuD verlassen wollen und der Fairness halber Bosbach mit Terminsetzung um eine Stellungnahme gebeten.<\/div>\n<div>Nach deren Eingang habe ich keinerlei Zweifel (ich hatte sie schon vorher nicht wirklich), dass die FoeBud &#8211; Darstellung zutrifft. Da er mit mir aber nichts zu tun haben will, hier die Mailadresse f\u00fcr alle Flachpfeifen, die er lieber mag:<\/div>\n<div>Wolfgang Bosbach &lt;<a href=\"mailto:wolfgang.bosbach.ma12@bundestag.de\">wolfgang.bosbach@bundestag.de<\/a>&gt;<\/div>\n<div><strong>Von: J\u00f6rg Tauss an Wolfgang Bosbach<\/strong><\/div>\n<div><em>Sehr geehrter Herr Bosbach,\u00a0trifft es zu, dass Sie padeluun von FoeBuD\u00a0mit folgenden Worten bedachten:<\/em><\/p>\n<p><em>&#8222;Sie sind eine Flachpfeife. sie k\u00f6nnen mich mal&#8220; ?<\/em><\/p>\n<p><em>Ihrer Antwort sehe ich bis morgen 10.00 Uhr entgegen. Ansonsten gehe ich davon aus, dass die FoeBuD-\u00a0Darstellung zutrifft.<\/em><\/p>\n<p><em> <\/em><em>Mit freundlichen Gr\u00fc\u00dfen<br \/>\nJ\u00f6rg Tauss<\/em><\/p>\n<\/div>\n<div>Die Antwort war so schneidig wie herzlos..Schn\u00fcff (die Tippfehler stammen NICHT von mir!)<\/div>\n<div><strong>Am 04.03.2010 um 18:17 schrieb Wolfgang Bosbach an J\u00f6rg Tauss<\/strong><\/div>\n<div><strong><br \/>\n<\/strong><\/div>\n<div><strong><em>Herr Tauss,<\/em><\/strong><\/div>\n<div><strong><em>Ich darf Sie sehr herzlich darum bitten mich nicht mit emails, Briefen oder anderen Zusendungen zu behelligen zumahl ich nach Ihren Eskapaden in den letzten Monaten der festen \u00dcberzeugung bin, dass Sie mit Ihrer Verteidigung genug zu tun haben. Vor diesem Hintergrund w\u00e4re ich Ihnen wirklich dankbar, wenn Sie mich einfach in Ruhe lassen w\u00fcrden, denn ich m\u00f6chte mit Ihnen wirklich nicht zu tun haben, noch nicht einmal im Wege elektronischen Briefwechsel.<\/em><\/strong><\/div>\n<div><strong><em>Mit freundlichen Gr\u00fc\u00dfen<\/em><\/strong><\/div>\n<div><strong><em>Wolfgang Bosbach<\/em><\/strong><\/div>\n<div><strong><em>B\u00fcro Wolfgang Bosbach MdB<\/em><\/strong><\/div>\n<div><strong><em>Jakob-Kaiser-Haus<\/em><\/strong><\/div>\n<div><strong><em>Platz der Republik 1<\/em><\/strong><\/div>\n<div><strong><em>11011 Berlin<\/em><\/strong><\/div>\n<div><strong><em>Tel: (030) 227-71361<\/em><\/strong><\/div>\n<div><strong><em><strong>Von J\u00f6rg Tauss an Wolfgang Bosbach<\/strong><\/em><\/strong><\/div>\n<div><strong><em><strong><br \/>\n<\/strong><\/em><\/strong><\/div>\n<div><strong><em><strong><span style=\"font-weight: normal;\">Lieber Herr Bosbach,<\/span><\/strong><\/em><\/strong><\/div>\n<div><strong><em><strong><span style=\"font-weight: normal;\">vielen Dank, dass Sie sich um meine Verteidigung offensichtlich mehr Gedanken als ich mir selbst mache. Ich versichere Ihnen, dass das nicht n\u00f6tig ist. <\/span><\/strong><\/em><\/strong><\/div>\n<div><strong><em><strong><span style=\"font-weight: normal;\">Ein Vorsitzender des Innenausschusses, der gegenw\u00e4rtig gegen\u00fcber der deutschen \u00d6ffentlichkeit und nicht zum ersten Male Unwahrheiten verbreitet und zudem jeglichen Respekt vor seinen Pflichten als eigentlich neutraler Vorsitzender vermissen l\u00e4sst, ist allerdings nicht davor gefeit, von mir auch k\u00fcnftig mit unangenehmen Fragen konfrontiert zu werden. <\/span><\/strong><\/em><\/strong><\/div>\n<div><strong><em><strong><span style=\"font-weight: normal;\">Ich gehe dessen ungeachtet jetzt davon aus, dass die Behauptungen von FoeBuD richtig sind und sie sich gegen\u00fcber padeluun wie folgt \u00e4u\u00dferten:<\/span><\/strong><\/em><\/strong><\/div>\n<div><strong><em><strong><span style=\"font-weight: normal;\">&#8222;Sie sind eine Flachpfeife. sie k\u00f6nnen mich mal&#8220;.<\/span><\/strong><\/em><\/strong><\/div>\n<div><strong><em><strong><span style=\"font-weight: normal;\">Mit freundlichen Gr\u00fc\u00dfen<\/span><\/strong><\/em><\/strong><\/div>\n<div><strong><em><strong><span style=\"font-weight: normal;\">J\u00f6rg Tauss<\/span><\/strong><\/em><\/strong><\/div>\n","protected":false},"excerpt":{"rendered":"<p>+++Aktuell+++ Da Wolfgang Bosbach immer auch als Vorsitzender des Aussschusses handelt, habe ich dessen Obleute (also die Sprecherinnen und Sprecher der Fraktionen) um Stellungnahmen gebeten. Der CDU-Mann ist mit seinem Amt \u00fcberfordert und sollte zu Konsequenzen aufgefordert werden: Hier der Text im Wortlaut: Sehr geehrte Damen und Herren Obleute des Innenausschusses, auf meinem Blog http:\/\/tauss-gezwitscher.de [&hellip;]<\/p>\n","protected":false},"author":3,"featured_media":0,"comment_status":"open","ping_status":"open","sticky":false,"template":"","format":"standard","meta":{"footnotes":""},"categories":[1],"tags":[96,97,63],"class_list":["post-630","post","type-post","status-publish","format-standard","hentry","category-allgemein","tag-bosbach","tag-foebud","tag-vorratsdatenspeicherung"],"_links":{"self":[{"href":"https:\/\/www.tauss-gezwitscher.de\/index.php?rest_route=\/wp\/v2\/posts\/630","targetHints":{"allow":["GET"]}}],"collection":[{"href":"https:\/\/www.tauss-gezwitscher.de\/index.php?rest_route=\/wp\/v2\/posts"}],"about":[{"href":"https:\/\/www.tauss-gezwitscher.de\/index.php?rest_route=\/wp\/v2\/types\/post"}],"author":[{"embeddable":true,"href":"https:\/\/www.tauss-gezwitscher.de\/index.php?rest_route=\/wp\/v2\/users\/3"}],"replies":[{"embeddable":true,"href":"https:\/\/www.tauss-gezwitscher.de\/index.php?rest_route=%2Fwp%2Fv2%2Fcomments&post=630"}],"version-history":[{"count":15,"href":"https:\/\/www.tauss-gezwitscher.de\/index.php?rest_route=\/wp\/v2\/posts\/630\/revisions"}],"predecessor-version":[{"id":1032,"href":"https:\/\/www.tauss-gezwitscher.de\/index.php?rest_route=\/wp\/v2\/posts\/630\/revisions\/1032"}],"wp:attachment":[{"href":"https:\/\/www.tauss-gezwitscher.de\/index.php?rest_route=%2Fwp%2Fv2%2Fmedia&parent=630"}],"wp:term":[{"taxonomy":"category","embeddable":true,"href":"https:\/\/www.tauss-gezwitscher.de\/index.php?rest_route=%2Fwp%2Fv2%2Fcategories&post=630"},{"taxonomy":"post_tag","embeddable":true,"href":"https:\/\/www.tauss-gezwitscher.de\/index.php?rest_route=%2Fwp%2Fv2%2Ftags&post=630"}],"curies":[{"name":"wp","href":"https:\/\/api.w.org\/{rel}","templated":true}]}}