{"id":6071,"date":"2020-09-14T11:06:27","date_gmt":"2020-09-14T09:06:27","guid":{"rendered":"https:\/\/www.tauss-gezwitscher.de\/?p=6071"},"modified":"2020-09-14T11:08:26","modified_gmt":"2020-09-14T09:08:26","slug":"belarus","status":"publish","type":"post","link":"https:\/\/www.tauss-gezwitscher.de\/?p=6071","title":{"rendered":"Belarus"},"content":{"rendered":"<p>Die Situation in Belarus erf\u00fcllt mich nat\u00fcrlich auch mit Sorge. Ich hoffe, dass f\u00fcr meine vielen Bekannten alsbald wieder Normalit\u00e4t einkehrt und innerhalb des Landes eine friedliche L\u00f6sung der inneren Spannungen m\u00f6glich wird. Hier ist mein <a href=\"https:\/\/www.heise.de\/tp\/features\/Belarus-der-Bundespraesident-und-die-Opposition-4874211.html\">Telepolis- Artikel zum Thema<\/a> vom August verlinkt.<\/p>\n","protected":false},"excerpt":{"rendered":"<p>Die Situation in Belarus erf\u00fcllt mich nat\u00fcrlich auch mit Sorge. Ich hoffe, dass f\u00fcr meine vielen Bekannten alsbald wieder Normalit\u00e4t einkehrt und innerhalb des Landes eine friedliche L\u00f6sung der inneren Spannungen m\u00f6glich wird. Hier ist mein Telepolis- Artikel zum Thema vom August verlinkt.<\/p>\n","protected":false},"author":3,"featured_media":0,"comment_status":"open","ping_status":"open","sticky":false,"template":"","format":"standard","meta":{"footnotes":""},"categories":[1],"tags":[154,339,341,340],"class_list":["post-6071","post","type-post","status-publish","format-standard","hentry","category-allgemein","tag-belarus","tag-lukaschenka","tag-telepolis","tag-weissrussland"],"_links":{"self":[{"href":"https:\/\/www.tauss-gezwitscher.de\/index.php?rest_route=\/wp\/v2\/posts\/6071","targetHints":{"allow":["GET"]}}],"collection":[{"href":"https:\/\/www.tauss-gezwitscher.de\/index.php?rest_route=\/wp\/v2\/posts"}],"about":[{"href":"https:\/\/www.tauss-gezwitscher.de\/index.php?rest_route=\/wp\/v2\/types\/post"}],"author":[{"embeddable":true,"href":"https:\/\/www.tauss-gezwitscher.de\/index.php?rest_route=\/wp\/v2\/users\/3"}],"replies":[{"embeddable":true,"href":"https:\/\/www.tauss-gezwitscher.de\/index.php?rest_route=%2Fwp%2Fv2%2Fcomments&post=6071"}],"version-history":[{"count":1,"href":"https:\/\/www.tauss-gezwitscher.de\/index.php?rest_route=\/wp\/v2\/posts\/6071\/revisions"}],"predecessor-version":[{"id":6072,"href":"https:\/\/www.tauss-gezwitscher.de\/index.php?rest_route=\/wp\/v2\/posts\/6071\/revisions\/6072"}],"wp:attachment":[{"href":"https:\/\/www.tauss-gezwitscher.de\/index.php?rest_route=%2Fwp%2Fv2%2Fmedia&parent=6071"}],"wp:term":[{"taxonomy":"category","embeddable":true,"href":"https:\/\/www.tauss-gezwitscher.de\/index.php?rest_route=%2Fwp%2Fv2%2Fcategories&post=6071"},{"taxonomy":"post_tag","embeddable":true,"href":"https:\/\/www.tauss-gezwitscher.de\/index.php?rest_route=%2Fwp%2Fv2%2Ftags&post=6071"}],"curies":[{"name":"wp","href":"https:\/\/api.w.org\/{rel}","templated":true}]}}