{"id":466,"date":"2010-02-10T14:09:11","date_gmt":"2010-02-10T12:09:11","guid":{"rendered":"http:\/\/www.tauss-gezwitscher.de\/?p=466"},"modified":"2010-03-08T21:18:08","modified_gmt":"2010-03-08T19:18:08","slug":"dlf-bose-mit-tauss-oder-boser-tauss","status":"publish","type":"post","link":"https:\/\/www.tauss-gezwitscher.de\/?p=466","title":{"rendered":"DLF b\u00f6se mit Tauss oder b\u00f6ser Tauss&#8230;.?"},"content":{"rendered":"<p><span style=\"color: #ff0000;\">+++ Aktualisiert am 8. M\u00e4rz +++<\/span><\/p>\n<p>Nach wochenlangem Getue wurde mir nun heute (8. M\u00e4rz) vom Chefredakteur des Deutschlandfunks (DLF) \u00a0mitgeteilt, dass die urspr\u00fcnglich auch mit meiner Mitwirkung vorgesehene Sendung zu &#8222;Google als Datenkrake&#8220; zwischenzeitlich ausgestrahlt worden sei.<\/p>\n<p>Dies war mir als treuer Ofth\u00f6rer keinesfalls entgangen, lieber Deutschlandfunk.<\/p>\n<p>Mir ist dabei aber auch nicht entgangen, dass aus der bereits fertig produzierten Sendung vor der Ausstrahlung alle meine Aussagen herausgeschnitten wurden. Dies wurde von Herrn Detjen mit &#8222;redaktioneller Autonomie&#8220; begr\u00fcndet. Da redaktionelle Autonomie nat\u00fcrlich ein hohes Gut ist, habe ich davor noch h\u00f6heren Respekt. Aber auch redaktionelle Autonomie f\u00fchrt, wie ich unten wiederhole, schon aus Kostengr\u00fcnden selbst beim \u00f6ffentlich- rechtlichen Rundfunk nicht all zu oft zu solchen geb\u00fchrenverschlingenden Vorg\u00e4ngen. Aus diesem Grunde habe ich nochmals nachgefragt:<\/p>\n<p><em>Da redaktionelle Autonomie nun zweifellos auch in Ihrem Hause nicht sehr oft dazu f\u00fchrt, fertiggestellte Beitr\u00e4ge grundlos abzu\u00e4ndern, gibt es zur Erkl\u00e4rung m\u00f6glicherweise drei Gr\u00fcnde, um deren Nennung ich nun doch nochmals bitten muss :<\/em><\/p>\n<p><em>Grund 1. eine gegen mich erhobene Anklage vor dem LG Karlsruhe<\/em><\/p>\n<p><em>Grund 2. politische Einflussnahmen des bei DLR\/DLF einflussreichen rechten &#8222;Weikersheimer Kreises&#8220;<\/em><\/p>\n<p><em>Grund 3. die von mir freigegebenen Zitate waren sachlich falsch und daher nicht verwendbar.<\/em><\/p>\n<p><em>Bei Pkt. 3 interessiert mich nat\u00fcrlich eine inhaltliche Begr\u00fcndung, da mir bislang nicht unterstellt wurde, in solchen Fragen fachlich unzutreffende Aussagen zu treffen. Bei Pkt. 1 interessiert mich die Haltung eines \u00f6ffentlich- rechtlichen Senders zur &#8222;Unschuldsvermutung&#8220; und Pkt. 2 mit der Unterstellung politischer Einflussnahme erkl\u00e4rt sich selbst.<\/em><\/p>\n<p>Fortsetzung folgt&#8230;..<\/p>\n<p><strong>Hier noch der Ursprungsartikel vom 10. 2.:<\/strong><\/p>\n<p>K\u00fcrzlich wurde ich \u00a0gebeten, dem DLF zum Thema &#8222;Google&#8220; f\u00fcr ein Interview zu Verf\u00fcgung zu stellen. Es wurde am 1. Februar aufgenommen und sollte im Rahmen der Sendung &#8222;Hintergrund&#8220; (Google als Datenkrake?) am vergangenen Freitag ausgestrahlt werden.<\/p>\n<p>Da ich nichts mehr h\u00f6rte, hatte ich zuvor via twitter auch nicht auf den genauen Sendetermin verwiesen. Gut so! Man h\u00e4tte Radio oder PC \u00a0vergeblich eingeschaltet, denn die Sendung wurde nicht ausgestrahlt.<\/p>\n<p>Nun wird aktuell gemunkelt, dass diese Zensur eine Entscheidung des zust\u00e4ndigen Abteilungsleiters gewesen sein soll, der keine Sendung &#8222;mit Tauss&#8220; wollte. Hintergrund ist m\u00f6glicherweise das gegen mich gef\u00fchrte Verfahren. K\u00f6nnte nat\u00fcrlich sein.<\/p>\n<p>Andererseits kann ich mir diesen Zusammenhang auch nicht richtig vorstellen, weil ich im Gespr\u00e4ch vor der Aufzeichnung des Interviews explizit nach dem Thema &#8222;b\u00f6ser Tauss&#8220; gefragt hatte und dabei erfuhr, dass dar\u00fcber in der Redaktion durchaus gesprochen worden sei. Da aber das Thema Google mit dem Strafverfahren nichts zu tun h\u00e4tte, sei man an dem Interview mit mir als Kenner der Firma dennoch interessiert.<\/p>\n<p><strong>Gesendet wurde aber nicht!<\/strong><\/p>\n<p>Vielleicht gibt es aber noch ganz andere spannende Hintergr\u00fcnde: Im Bereich des Deutschlandfunks \/ Deutschlandradios gibt es bis in die h\u00f6chsten Spitzen hinein ein interessantes Umfeld des \u00e4u\u00dferst rechtslastigen Weikersheimer Kreises, \u00fcber den beinahe schon der damalige Ministerpr\u00e4sident Oettinger gestolpert w\u00e4re. Vorsitzender der H\u00f6rfunkrates ist wiederum Erwin Teufels rechter ehemaliger &#8222;Medienminister&#8220; Erwin Vetter, der auch CDU- Landtagsabgeordneter in unserem Landkreis war.<\/p>\n<p>Ich habe mich mit diesen Leuten bereits mehrfach angelegt und beispielsweise nach den damaligen Skandalen um rechtsradikale Referenten im Studienzentrum Weikersheim die Einstellung jeglicher \u00f6ffentlicher F\u00f6rderung f\u00fcr diese Einrichtung, zum Beispiel durch die Bundeszentrale f\u00fcr politische Bildung, gefordert.<\/p>\n<p>Vielleicht geht es also gar nicht um den b\u00f6sen Tauss, sondern darum, dass einige Menschen im Umfeld von Deutschlandradio und Deutschlandfunk mit Tauss nur b\u00f6se sind? Ich frage jetzt mal Herrn Steul als Intendanten. Der sollte es ja in Erfahrung bringen k\u00f6nnen;)<\/p>\n","protected":false},"excerpt":{"rendered":"<p>+++ Aktualisiert am 8. M\u00e4rz +++ Nach wochenlangem Getue wurde mir nun heute (8. M\u00e4rz) vom Chefredakteur des Deutschlandfunks (DLF) \u00a0mitgeteilt, dass die urspr\u00fcnglich auch mit meiner Mitwirkung vorgesehene Sendung zu &#8222;Google als Datenkrake&#8220; zwischenzeitlich ausgestrahlt worden sei. Dies war mir als treuer Ofth\u00f6rer keinesfalls entgangen, lieber Deutschlandfunk. Mir ist dabei aber auch nicht entgangen, [&hellip;]<\/p>\n","protected":false},"author":3,"featured_media":0,"comment_status":"open","ping_status":"open","sticky":false,"template":"","format":"standard","meta":{"footnotes":""},"categories":[1],"tags":[79,80,78],"class_list":["post-466","post","type-post","status-publish","format-standard","hentry","category-allgemein","tag-deutschlandfunk","tag-weikersheim","tag-zensur"],"_links":{"self":[{"href":"https:\/\/www.tauss-gezwitscher.de\/index.php?rest_route=\/wp\/v2\/posts\/466","targetHints":{"allow":["GET"]}}],"collection":[{"href":"https:\/\/www.tauss-gezwitscher.de\/index.php?rest_route=\/wp\/v2\/posts"}],"about":[{"href":"https:\/\/www.tauss-gezwitscher.de\/index.php?rest_route=\/wp\/v2\/types\/post"}],"author":[{"embeddable":true,"href":"https:\/\/www.tauss-gezwitscher.de\/index.php?rest_route=\/wp\/v2\/users\/3"}],"replies":[{"embeddable":true,"href":"https:\/\/www.tauss-gezwitscher.de\/index.php?rest_route=%2Fwp%2Fv2%2Fcomments&post=466"}],"version-history":[{"count":15,"href":"https:\/\/www.tauss-gezwitscher.de\/index.php?rest_route=\/wp\/v2\/posts\/466\/revisions"}],"predecessor-version":[{"id":646,"href":"https:\/\/www.tauss-gezwitscher.de\/index.php?rest_route=\/wp\/v2\/posts\/466\/revisions\/646"}],"wp:attachment":[{"href":"https:\/\/www.tauss-gezwitscher.de\/index.php?rest_route=%2Fwp%2Fv2%2Fmedia&parent=466"}],"wp:term":[{"taxonomy":"category","embeddable":true,"href":"https:\/\/www.tauss-gezwitscher.de\/index.php?rest_route=%2Fwp%2Fv2%2Fcategories&post=466"},{"taxonomy":"post_tag","embeddable":true,"href":"https:\/\/www.tauss-gezwitscher.de\/index.php?rest_route=%2Fwp%2Fv2%2Ftags&post=466"}],"curies":[{"name":"wp","href":"https:\/\/api.w.org\/{rel}","templated":true}]}}