{"id":4598,"date":"2019-05-04T12:08:27","date_gmt":"2019-05-04T10:08:27","guid":{"rendered":"http:\/\/www.tauss-gezwitscher.de\/?p=4598"},"modified":"2019-10-15T10:49:02","modified_gmt":"2019-10-15T08:49:02","slug":"beitraege-bei-telepolis","status":"publish","type":"post","link":"https:\/\/www.tauss-gezwitscher.de\/?p=4598","title":{"rendered":"Beitr\u00e4ge bei Telepolis"},"content":{"rendered":"\n<p>Gerne arbeite ich journalistisch f\u00fcr <a href=\"http:\/\/telepolis.de\">Telepolis <\/a>im Heise-Vorlag. Das Projekt verfolge ich von Anfang an- fr\u00fcher sogar in &#8222;Print&#8220;. Nachstehend einige Artikel, die ich dort ver\u00f6ffentlicht habe. Nat\u00fcrlich freue ich mich, dass es stets eine sehr gute Resonanz gab:<\/p>\n\n\n\n<p>Nach dem Anschlag in Halle kommentierte ich das Geschehen und die Forderung von Bundesinnenminister Seehofer, die Gamer zu \u00fcberwachen J\u00f6rg Tauss: <strong><a href=\"https:\/\/www.heise.de\/tp\/features\/Es-sind-die-Gamer-4554334.html\">Es sind die Gamer<\/a><\/strong><\/p>\n\n\n\n<p>Hier zuvor zu einer Anh\u00f6rung im Deutschen Bundestag zur IT- Sicherheit:<\/p>\n\n\n\n<p><a href=\"https:\/\/www.heise.de\/tp\/features\/Eine-Milliarde-vernetzter-Geraete-sind-eine-zentrale-Herausforderung-4399231.html\">https:\/\/www.heise.de\/tp\/features\/Eine-Milliarde-vernetzter-Geraete-sind-eine-zentrale-Herausforderung-4399231.html<\/a><\/p>\n\n\n\n<p>Und da noch was zur Krim. Osteuropa bleibt nat\u00fcrlich ein Schwerpunkt von mir:<\/p>\n\n\n\n<p><a href=\"https:\/\/www.heise.de\/tp\/features\/Krim-Reisen-ins-Non-Grata-Land-4410167.html?seite=all\">https:\/\/www.heise.de\/tp\/features\/Krim-Reisen-ins-Non-Grata-Land-4410167.html?seite=all<\/a><\/p>\n","protected":false},"excerpt":{"rendered":"<p>Gerne arbeite ich journalistisch f\u00fcr Telepolis im Heise-Vorlag. Das Projekt verfolge ich von Anfang an- fr\u00fcher sogar in &#8222;Print&#8220;. Nachstehend einige Artikel, die ich dort ver\u00f6ffentlicht habe. Nat\u00fcrlich freue ich mich, dass es stets eine sehr gute Resonanz gab: Nach dem Anschlag in Halle kommentierte ich das Geschehen und die Forderung von Bundesinnenminister Seehofer, die [&hellip;]<\/p>\n","protected":false},"author":3,"featured_media":0,"comment_status":"open","ping_status":"open","sticky":false,"template":"","format":"standard","meta":{"footnotes":""},"categories":[1],"tags":[84,336,272],"class_list":["post-4598","post","type-post","status-publish","format-standard","hentry","category-allgemein","tag-bundestag","tag-it-sicherheit","tag-krim"],"_links":{"self":[{"href":"https:\/\/www.tauss-gezwitscher.de\/index.php?rest_route=\/wp\/v2\/posts\/4598","targetHints":{"allow":["GET"]}}],"collection":[{"href":"https:\/\/www.tauss-gezwitscher.de\/index.php?rest_route=\/wp\/v2\/posts"}],"about":[{"href":"https:\/\/www.tauss-gezwitscher.de\/index.php?rest_route=\/wp\/v2\/types\/post"}],"author":[{"embeddable":true,"href":"https:\/\/www.tauss-gezwitscher.de\/index.php?rest_route=\/wp\/v2\/users\/3"}],"replies":[{"embeddable":true,"href":"https:\/\/www.tauss-gezwitscher.de\/index.php?rest_route=%2Fwp%2Fv2%2Fcomments&post=4598"}],"version-history":[{"count":5,"href":"https:\/\/www.tauss-gezwitscher.de\/index.php?rest_route=\/wp\/v2\/posts\/4598\/revisions"}],"predecessor-version":[{"id":4682,"href":"https:\/\/www.tauss-gezwitscher.de\/index.php?rest_route=\/wp\/v2\/posts\/4598\/revisions\/4682"}],"wp:attachment":[{"href":"https:\/\/www.tauss-gezwitscher.de\/index.php?rest_route=%2Fwp%2Fv2%2Fmedia&parent=4598"}],"wp:term":[{"taxonomy":"category","embeddable":true,"href":"https:\/\/www.tauss-gezwitscher.de\/index.php?rest_route=%2Fwp%2Fv2%2Fcategories&post=4598"},{"taxonomy":"post_tag","embeddable":true,"href":"https:\/\/www.tauss-gezwitscher.de\/index.php?rest_route=%2Fwp%2Fv2%2Ftags&post=4598"}],"curies":[{"name":"wp","href":"https:\/\/api.w.org\/{rel}","templated":true}]}}