{"id":4563,"date":"2019-11-02T21:36:31","date_gmt":"2019-11-02T20:36:31","guid":{"rendered":"http:\/\/www.tauss-gezwitscher.de\/?p=4563"},"modified":"2019-11-03T15:48:23","modified_gmt":"2019-11-03T14:48:23","slug":"twitter-hilfe-ich-werde-geblockt","status":"publish","type":"post","link":"https:\/\/www.tauss-gezwitscher.de\/?p=4563","title":{"rendered":"Twitter: Hilfe, ich werde geblockt&#8230;.. :))))))"},"content":{"rendered":"\n<p>Seit \u00fcber 10 Jahren twittere ich. Mal mehr, mal weniger. Rund 13.000 Follower haben sich angeh\u00e4uft. Und so beteilige ich mich auch dort gerne an der einen oder anderen Diskussion und ver\u00f6ffentliche auch Beitr\u00e4ge von mir. <\/p>\n\n\n\n<p>Interessant ist, mit wem man dann so \u00fcber Kreuz ger\u00e4t und\/oder sogar blockiert wird. Blocken ist eine zweifellos v\u00f6llig legitime Funktion, beispielsweise Schw\u00e4tzer oder Beleidiger loszuwerden. Nie jedoch habe ich meinerseits jemanden  wegen einer Meinungs\u00e4u\u00dferung geblockt, sofern sie nicht rassistisch, nazististisch oder schlicht strohdumm daherkommt. In der Regel passen ja all drei genannten Begriffe zusammen.<\/p>\n\n\n\n<p>Interessant ist dessen ungeachtet aber auch, wer einen im Lauf der selbst so blockt. Nazis und Rechtsradikale lasse ich mal au\u00dfen vor. Nachstehend aber eine nicht vollst\u00e4ndige Auflistung von etwa bekannteren Personen. In der Politik sind das 7 SPD- ler, 5 von der CDU, 2 von der CSU, sogar die CDU\/CSU- Bundestagsfraktion selbst, 3 Piraten (sieh&#8216; an), 6 Gr\u00fcne, 1 Linker. Und auch aus dem Bereich Journalismus sind welche prominent vertreten.<\/p>\n\n\n\n<p>Wettermann<em> Kachelmann<\/em>, dem mein Holzofen nicht passt, sei aber noch der Originalit\u00e4t halber mit hinzugef\u00fcgt. Dass der Bundesbeauftragte f\u00fcr die Informationsfreiheit, <em>Ulrich Kelber<\/em>, dabei war, kann wohl ebenfalls dem Bereich &#8222;Narzissmus&#8220; zugeordnet werden. <\/p>\n\n\n\n<p>Hier also mal von A wie Wirtschaftsminister <em>Altmaier<\/em> bis S wie <em>Steinbach<\/em> (AfD- Stiftung). die kleine \u00dcbersicht meiner Lieblingsblockierer, welche andere Meinungen, Kritik oder schlicht kritische Fragen und Anmerkungen schlecht ertragen k\u00f6nnen. Interessant ist vor allem die Mischung&#8230;&#8230;. : <\/p>\n\n\n\n<p><strong>Politik: <\/strong><\/p>\n\n\n\n<p>Altmaier, Peter, CDU (MdB, Wirtschaftsminister)<br>Annen, Niels, SPD (MdB, Staatsminister AA)<\/p>\n\n\n\n<p>B\u00e4r, Dorothee, CSU (MdB, irgendwas Digitales im Kanzleramt)<\/p>\n\n\n\n<p>Beck, Volker (Ex- MdB<br>B\u00fctikofer, Gr\u00fcne (MdEP, Ex- Bundesgesch\u00e4ftsf\u00fchrer)<\/p>\n\n\n\n<p>CDU\/CSU (Bundestagsfraktion) <\/p>\n\n\n\n<p>Ditfurth, Jutta (freischwebend, Ex- Gr\u00fcne)<\/p>\n\n\n\n<p>Goering-Eckardt, Gr\u00fcne (MdB, Fraktionsvorsitzende)<br>Grosse-Br\u00f6mer, CDU (MdB, Fraktionsgesch\u00e4ftsf\u00fchrer)<\/p>\n\n\n\n<p>Kahrs, SPD (MdB, Seeheimer)<br>Klingbeil, SPD (MdB, Seeheimer, Generalsekret\u00e4r)<br>Kl\u00f6ckner, CDU (MdB, Landwirtschaftsministerin)<br>K\u00fchnert, SPD (Jusos)<\/p>\n\n\n\n<p>K\u00fcnast, Renate, Gr\u00fcne (MdB, Ex- Fraktionsvorsitzende, Ex- Ministerin)<\/p>\n\n\n\n<p>Hahn, Florian, CSU (MdB, stv. CSU- Generalsekret\u00e4r, R\u00fcstungslobbyist)<\/p>\n\n\n\n<p>Janezek, Dieter, Gr\u00fcne (MdB, Ex- Landesvorsitzender Bayern)<\/p>\n\n\n\n<p>Lauer, Christopher (Ex- Pirat, Ex- SPD)<\/p>\n\n\n\n<p>Ramelow, Bodo, Linke (Ministerpr\u00e4sident Th\u00fcringen)<br>Reda, Julia, Ex-Piraten (Ex- MdEP) <br>Roth, Michael, SPD (MdB, Staatsminister AA)<\/p>\n\n\n\n<p>Sarrazin (MdB, Gr\u00fcne)<\/p>\n\n\n\n<p>Schwerd, Piraten (Ex- MdL NRW)<br>Steinbach, (Ex- MdB, CDU, AfD)<\/p>\n\n\n\n<p>Tr\u00fcpel, Gr\u00fcne (Ex- MdEP, Upload- Filter- Lobbyistin) <\/p>\n\n\n\n<p><strong>Journalismus:&nbsp;<\/strong><\/p>\n\n\n\n<p>Atai, Golineh, ARD (Tagesschau)<\/p>\n\n\n\n<p>Bittner, Jochen (Zeit)<\/p>\n\n\n\n<p>Lobo, Sascha (Blogger, Spiegel)<br>Lielischkies, (Ex-ARD-Korrespondent Moskau) <\/p>\n\n\n\n<p>Meyer (Don Alphonso, Welt, fr\u00fcher FAZ)<br>M\u00fcller &#8211; Vogg (Tichy, fr\u00fcher FAZ)<\/p>\n\n\n\n<p>Poschardt, Ulf (WELT)<\/p>\n\n\n\n<p>R\u00f6pcke, Julian (BILD)<\/p>\n\n\n\n<p>Schmiechen, Frank (BILD)<\/p>\n\n\n\n<p>Sixtus, irgendwas mit  \u201eNetzprophet\u201c<\/p>\n\n\n\n<p><strong>Wetter: <\/strong><\/p>\n\n\n\n<p>Kachelmann, J\u00f6rg (Schweiz) <\/p>\n\n\n\n<p>*) Die Blockierung durch den Regierungssprecher (Seibert) wurde nach Androhung juristischer Schritte gegen das Bundespresse- und Informationsamt aufgehoben. Schade. H\u00e4tte es gerne rechtlich gekl\u00e4rt. Ebenso verh\u00e4lt es sich beim Bundesbeauftragten f\u00fcr den Datenschutz und Informationsfreiheit Kelber;) <\/p>\n\n\n\n<p><\/p>\n","protected":false},"excerpt":{"rendered":"<p>Seit \u00fcber 10 Jahren twittere ich. Mal mehr, mal weniger. Rund 13.000 Follower haben sich angeh\u00e4uft. Und so beteilige ich mich auch dort gerne an der einen oder anderen Diskussion und ver\u00f6ffentliche auch Beitr\u00e4ge von mir. Interessant ist, mit wem man dann so \u00fcber Kreuz ger\u00e4t und\/oder sogar blockiert wird. Blocken ist eine zweifellos v\u00f6llig [&hellip;]<\/p>\n","protected":false},"author":3,"featured_media":0,"comment_status":"open","ping_status":"open","sticky":false,"template":"","format":"standard","meta":{"footnotes":""},"categories":[1],"tags":[335,122],"class_list":["post-4563","post","type-post","status-publish","format-standard","hentry","category-allgemein","tag-blocken","tag-twitter"],"_links":{"self":[{"href":"https:\/\/www.tauss-gezwitscher.de\/index.php?rest_route=\/wp\/v2\/posts\/4563","targetHints":{"allow":["GET"]}}],"collection":[{"href":"https:\/\/www.tauss-gezwitscher.de\/index.php?rest_route=\/wp\/v2\/posts"}],"about":[{"href":"https:\/\/www.tauss-gezwitscher.de\/index.php?rest_route=\/wp\/v2\/types\/post"}],"author":[{"embeddable":true,"href":"https:\/\/www.tauss-gezwitscher.de\/index.php?rest_route=\/wp\/v2\/users\/3"}],"replies":[{"embeddable":true,"href":"https:\/\/www.tauss-gezwitscher.de\/index.php?rest_route=%2Fwp%2Fv2%2Fcomments&post=4563"}],"version-history":[{"count":22,"href":"https:\/\/www.tauss-gezwitscher.de\/index.php?rest_route=\/wp\/v2\/posts\/4563\/revisions"}],"predecessor-version":[{"id":4696,"href":"https:\/\/www.tauss-gezwitscher.de\/index.php?rest_route=\/wp\/v2\/posts\/4563\/revisions\/4696"}],"wp:attachment":[{"href":"https:\/\/www.tauss-gezwitscher.de\/index.php?rest_route=%2Fwp%2Fv2%2Fmedia&parent=4563"}],"wp:term":[{"taxonomy":"category","embeddable":true,"href":"https:\/\/www.tauss-gezwitscher.de\/index.php?rest_route=%2Fwp%2Fv2%2Fcategories&post=4563"},{"taxonomy":"post_tag","embeddable":true,"href":"https:\/\/www.tauss-gezwitscher.de\/index.php?rest_route=%2Fwp%2Fv2%2Ftags&post=4563"}],"curies":[{"name":"wp","href":"https:\/\/api.w.org\/{rel}","templated":true}]}}