{"id":4482,"date":"2018-12-24T12:57:36","date_gmt":"2018-12-24T11:57:36","guid":{"rendered":"http:\/\/www.tauss-gezwitscher.de\/?p=4482"},"modified":"2019-03-20T14:08:59","modified_gmt":"2019-03-20T13:08:59","slug":"mirotworez","status":"publish","type":"post","link":"https:\/\/www.tauss-gezwitscher.de\/?p=4482","title":{"rendered":"Mirotworez."},"content":{"rendered":"\n<p>Ich stehe auf der uns\u00e4glichen Fahndungsliste der Ukraine. Zum Nachlesen schrieb ich dazu bei Heise \/ Telepolis:<\/p>\n\n\n\n<p><a href=\"https:\/\/www.heise.de\/tp\/features\/Die-Bundesregierung-und-die-5-400-Staatsfeinde-der-Ukraine-4257570.html\">Die Bundesregierung und 5.400 Staatsfeinde in der Ukraine<\/a><\/p>\n\n\n\n<p>Interessant ist, wie das Ausw\u00e4rtige Amt mit dem selbst in dessen Augen &#8222;inakzeptablen&#8220; Vorgang umgeht. Stillschweigend wird er offensichtlich akzeptiert. Au\u00dfer der &#8222;Linken&#8220; interessiert sich auch im Deutschen Bundestag wohl niemand daf\u00fcr. <\/p>\n\n\n\n<p>Deshalb habe ich dort auch Unterlagen aus unserer IFG- Akte zur Verf\u00fcgung gestellt. Denn trotz zahlreicher Schw\u00e4rzungen, um die gute Zusammenarbeit mit der Ukraine nicht zu gef\u00e4hrden, gibt es doch einige interessante Erkenntnisse: <\/p>\n\n\n\n<p>Mehrfach bat beispielsweise die deutsche Botschaft in Kiew um &#8222;Weisungen&#8220; aus dem Ausw\u00e4rtigen Amt.<\/p>\n\n\n\n<p>Erstmals per Mail von KIEW PR-1 (geschw\u00e4rzt) am 20. Mai 2016 (sic!). Zitat: <em><strong>WICHTIG: Bitte um Weisung\/ Skandal &#8222;Myrotworez&#8220;setzt sich fort<\/strong><\/em>. Er setzt sich bekannterma\u00dfen bis heute fort. Es gibt keine Unterlagen dar\u00fcber, ob es diese Weisungen und vor allem welche es gegeben hat. <\/p>\n\n\n\n<p>Am 21. Mai 2016 gab es aus Kiew eine weitere Infomail ans AA in Berlin:  <em><strong>&#8222;Unabh\u00e4ngig hiervon hatte ich gerade beim Empfang Tombinski\/ Klimkin &#8230;. zum Europatag Gelegenheit, AL UAM Khymynets deutlichst zu sagen , dass sich die Sache zu schwerer Belastung der Beziehungen entwickelt. &#8220;\u00a0<\/strong><\/em>Anmerkung: Herr\u00a0Klimkin ist\u00a0der\u00a0Au\u00dfenminister\u00a0der\u00a0Ukraine.<\/p>\n\n\n\n<p>Die &#8222;schwere Belastung&#8220; scheint bis heute vor allem in Stillschweigen zu bestehen. Es wird daher jetzt Zeit, auch nach Jahren der Geduld und des Stillstands in der Sache, Flagge zu zeigen und Herrn Poroschenko deutlich zu machen, dass Schritte gegen die Ukraine m\u00f6glich sind. Statt dessen f\u00f6rdert die Deutsche Bundesregierung munter sogar Stra\u00dfenprojekte zu Ehren des ukrainischen Faschisten Bandera. <\/p>\n\n\n\n<p>\u00c4u\u00dferungen, Bekundungen und Handlungen der Bundesregierung weichen in Sachen Ukraine also ganz offensichtlich erheblich voneinander ab. Auch deshalb lasse ich, ungeachtet der pers\u00f6nlichen Betroffenheit, von der Sache bis zu einem Erfolg gegen Mirotworez nicht ab&#8230;.. Versprochen, werter Heiko Maas \ud83d\ude09<\/p>\n\n\n\n<p>\u00d6sterreich ist da \u00fcbrigen wesentlich massiver. Nachdem der ORF- <a href=\"https:\/\/orf.at\/stories\/3111134\/\">Journalist Wehrsch\u00fctz auf der &#8222;Staatsfeindeliste&#8220;<\/a> auftauchte gab es massive Proteste der \u00f6sterreichischen Bundesregierung. Berlin schweigt <\/p>\n\n\n\n<p><\/p>\n\n\n\n<p><\/p>\n\n\n\n<p><\/p>\n","protected":false},"excerpt":{"rendered":"<p>Ich stehe auf der uns\u00e4glichen Fahndungsliste der Ukraine. Zum Nachlesen schrieb ich dazu bei Heise \/ Telepolis: Die Bundesregierung und 5.400 Staatsfeinde in der Ukraine Interessant ist, wie das Ausw\u00e4rtige Amt mit dem selbst in dessen Augen &#8222;inakzeptablen&#8220; Vorgang umgeht. Stillschweigend wird er offensichtlich akzeptiert. Au\u00dfer der &#8222;Linken&#8220; interessiert sich auch im Deutschen Bundestag wohl [&hellip;]<\/p>\n","protected":false},"author":3,"featured_media":0,"comment_status":"open","ping_status":"open","sticky":false,"template":"","format":"standard","meta":{"footnotes":""},"categories":[1],"tags":[],"class_list":["post-4482","post","type-post","status-publish","format-standard","hentry","category-allgemein"],"_links":{"self":[{"href":"https:\/\/www.tauss-gezwitscher.de\/index.php?rest_route=\/wp\/v2\/posts\/4482","targetHints":{"allow":["GET"]}}],"collection":[{"href":"https:\/\/www.tauss-gezwitscher.de\/index.php?rest_route=\/wp\/v2\/posts"}],"about":[{"href":"https:\/\/www.tauss-gezwitscher.de\/index.php?rest_route=\/wp\/v2\/types\/post"}],"author":[{"embeddable":true,"href":"https:\/\/www.tauss-gezwitscher.de\/index.php?rest_route=\/wp\/v2\/users\/3"}],"replies":[{"embeddable":true,"href":"https:\/\/www.tauss-gezwitscher.de\/index.php?rest_route=%2Fwp%2Fv2%2Fcomments&post=4482"}],"version-history":[{"count":9,"href":"https:\/\/www.tauss-gezwitscher.de\/index.php?rest_route=\/wp\/v2\/posts\/4482\/revisions"}],"predecessor-version":[{"id":4578,"href":"https:\/\/www.tauss-gezwitscher.de\/index.php?rest_route=\/wp\/v2\/posts\/4482\/revisions\/4578"}],"wp:attachment":[{"href":"https:\/\/www.tauss-gezwitscher.de\/index.php?rest_route=%2Fwp%2Fv2%2Fmedia&parent=4482"}],"wp:term":[{"taxonomy":"category","embeddable":true,"href":"https:\/\/www.tauss-gezwitscher.de\/index.php?rest_route=%2Fwp%2Fv2%2Fcategories&post=4482"},{"taxonomy":"post_tag","embeddable":true,"href":"https:\/\/www.tauss-gezwitscher.de\/index.php?rest_route=%2Fwp%2Fv2%2Ftags&post=4482"}],"curies":[{"name":"wp","href":"https:\/\/api.w.org\/{rel}","templated":true}]}}