{"id":4276,"date":"2016-07-25T11:12:21","date_gmt":"2016-07-25T09:12:21","guid":{"rendered":"http:\/\/www.tauss-gezwitscher.de\/?p=4276"},"modified":"2016-07-25T11:23:54","modified_gmt":"2016-07-25T09:23:54","slug":"verantwortung-in-dunklen-zeiten-des-terrors","status":"publish","type":"post","link":"https:\/\/www.tauss-gezwitscher.de\/?p=4276","title":{"rendered":"Verantwortung in dunklen Zeiten des Terrors"},"content":{"rendered":"<p><a href=\"https:\/\/www.tauss-gezwitscher.de\/wp-content\/uploads\/2016\/07\/IMG_0452.jpg\"><img loading=\"lazy\" decoding=\"async\" class=\"aligncenter size-medium wp-image-4279\" src=\"https:\/\/www.tauss-gezwitscher.de\/wp-content\/uploads\/2016\/07\/IMG_0452-200x300.jpg\" alt=\"IMG_0452\" width=\"200\" height=\"300\" srcset=\"https:\/\/www.tauss-gezwitscher.de\/wp-content\/uploads\/2016\/07\/IMG_0452-200x300.jpg 200w, https:\/\/www.tauss-gezwitscher.de\/wp-content\/uploads\/2016\/07\/IMG_0452-684x1024.jpg 684w, https:\/\/www.tauss-gezwitscher.de\/wp-content\/uploads\/2016\/07\/IMG_0452.jpg 1135w\" sizes=\"auto, (max-width: 200px) 100vw, 200px\" \/><\/a><\/p>\n<p>Logisch. Wenn ich mich in einen Zug setze, will ich gesund nach Hause kommen. Wenn ich auf den Marktplatz oder in ein Einkaufszentrum gehe, will ich ungern abgeknallt werden. Wenn ich ein Konzert oder eine Sportveranstaltung besuche, mag ich weder Selbstmordattent\u00e4ter mit Sprengstoff noch eine explodierende Gasflasche am W\u00fcrstchenstand neben mir wissen. Und ich will auch nicht von einem LKW zermalmt werden. Egal, ob der Fahrer ein Islamist oder besoffener Katholik ist.<\/p>\n<p>Wer diese Selbstverst\u00e4ndlichkeiten nicht mit mir zu teilen vermag, muss nicht weiterlesen. Wer dann zudem der Auffassung ist, dass alle \u00dcbel dieser Welt ohnehin vom Islam ausgehen, auch nicht. Denn in dieses Weltbild passte dann auch\u00a0nicht der christlich sozialisierte Pilot, der mitsamt seinen Passagieren absichtlich gegen einen Berg rast und einen Rekord an unschuldigen Opfern aufstellt.<\/p>\n<p>Bereits mit diesen S\u00e4tzen setze ich mich nun aber dem Verdacht aus, T\u00e4ter zu entschuldigen und unschuldige Opfer zu verharmlosen. Nicht einmal die Frage nach einem finalen Rettungsschuss darf noch gestellt werden. Ich stelle sie. Auch wem das nicht passt, muss nicht weiterlesen. Tsch\u00fcss.<\/p>\n<p>&nbsp;<br \/>\n<strong>Was zu diskutieren w\u00e4re\u2026.<\/strong><\/p>\n<p>&nbsp;<br \/>\nMit dem Rest der nun eventuell noch Verbliebenen wollte ich in Zeiten des Terrors aber gerne mal ein paar Fragen, auch zum Thema Verantwortung, \u00a0diskutieren, die mich bewegen. 140 Zeichen auf Twitter reichen dazu nicht aus.<\/p>\n<p>Es wurden Fl\u00fcchtlinge ins Land gelassen. Die &#8222;Alternative&#8220; war, sie abzuknallen (Methode AfD) oder an Stacheldrahtz\u00e4unen verhungern zu lassen (Methode Ungarn oder CSU), nachdem sie schon in den Lagern vergessen waren. Nun sind sie da. Drei von ihnen ver\u00fcbten in diesen Tagen Anschl\u00e4ge. Einer davon (Reutlingen) war wohl eine Beziehungstat. Das macht es f\u00fcr das Opfer leider nicht besser, aber von so etwas habe ich schon fr\u00fcher geh\u00f6rt. M\u00fcnchen hat, wenn man die Eltern jetzt nicht gleich in Kollektivhaftung nimmt, nichts mit dem Thema Fl\u00fcchtlinge zu tun.<\/p>\n<p>Bleiben also die Beilattacke von W\u00fcrzburg und der Bomber von Ansbach. Bei letzterer Tat stellt sich die f\u00fcr mich vordringlich die Frage nach der psychiatrischen Versorgung nach zwei Suizidversuchen. Der Dritte war dann erfolgreich. Leider mussten dies viele Unschuldige mit schweren Verletzungen bezahlen. H\u00e4tte eine psychiatrische Behandlung und m\u00f6glicherweise Verwahrung das verhindern k\u00f6nnen? Nat\u00fcrlich ja.<\/p>\n<p>Allerdings: Angesichts eines immer h\u00f6heren Bedarfs, nicht nur wegen &#8222;der&#8220; Fl\u00fcchtlinge, ist die psychiatrische Versorgung bei uns katastrophal. Auf Deutsch: Die Gefahr steigt, Opfer eines gewaltt\u00e4tigen Psychopathen, egal welcher Herkunft oder Religion, zu werden.<\/p>\n<p>W\u00fcrzburg macht die Sache komplizierter. Der T\u00e4ter war nett und unauff\u00e4llig. Er absolvierte Praktika, hatte Aussicht auf Ausbildung, war gut untergebracht und hatte weit bessere Perspektiven als der abgelehnte Asylbewerber aus Ansbach. Ausgerastet ist er offensichtlich nach Meldungen vom gewaltsamen Tod eines Freundes in Afghanistan. Selbst\u00a0\u00a0wenn hierzu keine L\u00f6sung einf\u00e4llt, zeigen beide F\u00e4lle doch, wie wenig pauschale Herangehensweisen weiterhelfen.<\/p>\n<p>Anzunehmen ist aber, dass auf solche T\u00e4ter Gewalt Faszination ausstrahlt. Im Falle des Amokl\u00e4ufers aus M\u00fcnchen ist dies wohl bereits belegt: Es fand sich bei ihm Literatur zum Thema Breivik und Amokl\u00e4ufen an Schulen. Er hatte die St\u00e4tten des Attent\u00e4ters von Winnenden aufgesucht. Offensichtlich hatte er einen rechten Hintergrund und legte, nach Zeugenberichten, noch kurz vor seinem Ende Wert darauf, doch bitte &#8222;Deutscher&#8220; zu sein. Ob der in M\u00fcnchen geborene junge Mann in seinem Umfeld eventuell einmal zu oft als &#8222;Deutsch-Iraner&#8220; gemobbt wurde, als der er nun in die Medien einging?<\/p>\n<p>Alle diese F\u00e4lle sind verst\u00f6rend. Alle haben ihre Vorgeschichte, die keinerlei monokausale R\u00fcckschl\u00fcsse zulassen. Was allerdings wahrscheinlich ist, d\u00fcrfte immer die Gefahr von Nachahmungst\u00e4tern sein. Da sind wir bei der Rolle der Medien. Jeder Selbstm\u00f6rder, der &#8222;Allahu Akbar&#8220; br\u00fcllt, wird zum medialen Weltstar.<\/p>\n<p>Das d\u00fcrfte die Gefahr von Anschl\u00e4gen durch kranke und\/ oder traumatisierte Irre mehr bef\u00f6rdern, als jede andere Ursache. Zumal dann, wenn sie in den Himmel kommen, der ihnen verlockend erscheint. Zumal auch der ganz und gar unreligi\u00f6se Background nicht zu vernachl\u00e4ssigen sein d\u00fcrfte: In der T\u00fcrkei erz\u00e4hlte mir einer ganz unger\u00fchrt, sich einen Selbstmordanschlag vorstellen zu k\u00f6nnen, wenn es seiner Familie anschlie\u00dfend finanziell besser ginge. Drastischer kann man den Hintergrund eines Problems kaum auf den Punkt bringen.<\/p>\n<p>Aus diesem Grund darf man skeptisch sein, ob die dauernde Forderung nach mehr und l\u00e4ngerer Berichterstattung zu Anschl\u00e4gen nicht das blanke Gegenteil bewirkt. Betroffenheitsberichterstattung mit geringstem Informationsgehalt ist bestenfalls f\u00fcr ansonsten als Autobahngaffer auff\u00e4llige Personen sinnvoll. Stundenlange Live- Berichterstattung d\u00fcrfte dar\u00fcber hinaus f\u00fcr Nachahmungst\u00e4ter so etwas wie Sauerstoff zum Atmen sein.<\/p>\n<p>Ebenso die Bombardierung von syrischen Zivilisten nach einem Terroranschlag in Nizza. Diese Hollandes produzieren Terroristen, f\u00fcr deren Opfer sie dann, wie der drohnenmordende US-Pr\u00e4sident, wenigstens lautstark zu beten beginnen. Der wahre Terror findet nicht in Europa, sondern dort statt, wo auch unsere Verb\u00fcndeten mit unserer Hilfe den von ihnen wesentlich (mit-)verursachten\u00a0Terror mit weiterem Terror vergelten.<\/p>\n<p><strong>Schnellsch\u00fcsse statt L\u00f6sungen<\/strong><\/p>\n<p>Die politisch-mediale Debatte dar\u00fcber, was tats\u00e4chlich einmal Verantwortung in einer solchen Situation bedeutet, ist nicht wahrnehmbar. &#8222;Verantwortung&#8220; wird nicht nur von Gauck bestenfalls noch milit\u00e4risch definiert und mit wohlfeilen Spr\u00fcchen von Gef\u00e4hrdungslagen unterlegt.<\/p>\n<p>Was daher bleibt, w\u00e4re der Wunsch nach Analyse und nach weniger Hysterie in einer Gesellschaft, die f\u00fcr Hysterie anf\u00e4llig zu sein scheint. Der Terror sei in Deutschland angekommen, wird beklagt. Ist er wohl, wie jedes Opfer tragisch zeigt. Gemessen an den Opfern findet der eigentliche Terror aber hierzulande noch immer vor allem im Stra\u00dfenverkehr und in zahlreichen anderen Weltgegenden statt. Auch wenn Terror vor der eigenen Haust\u00fcr schlimmer empfunden werden mag als der vor der Haust\u00fcre eines Afghanen, Irakers, Syrers oder Kurden, ist Hysterie v\u00f6llig fehl am Platz.<\/p>\n<p>Angestachelt wird unsere Hysterie von Polizeigewerkschaftern, Terrorexperten und Innenministern, die angesichts der realen Hilflosigkeit vor unterschiedlichen Problemlagen mit Geschw\u00e4tz und Forderungen nach dem \u00dcberwachungs,- Polizei- und Milit\u00e4rstaat um sich schlagen. Sie sollten eigentlich merken, welch hohen Respekt pl\u00f6tzlich ein M\u00fcnchener Polizeisprecher genie\u00dft, der nur besonnen eine Lage erl\u00e4utert und die Arbeit der Polizei erkl\u00e4rt.<\/p>\n<p>Der immer auf Schnellsch\u00fcsse statt L\u00f6sungen bedachte deMaiziere, welcher sich \u00fcber Panik in M\u00fcnchen ereifert, die der Polizei die Arbeit erschwere, ist dem gegen\u00fcber wesentlicher Verursacher der zunehmenden Sicherheits- und Gef\u00e4hrdungshysterie als Wasser auf M\u00fchlen rechtsradikaler Kreise. Die sind momentan geradezu besoffen vor Freude \u00fcber &#8222;islamistische&#8220; Anschl\u00e4ge mit oder ohne islamistischen Hintergrund<\/p>\n<p>Gar nicht mehr zu reden braucht man von Leuten wie CDU- Kauder, der die Produktion von Waffen und Waffenexporte aus seinem Oberndorfer Wahlkreis f\u00fcr gro\u00dfartig h\u00e4lt, aber eine Radikalisierung junger Menschen durch Computerspiele feststellt.<\/p>\n<p>Genau ein solches Geschw\u00e4tz in Verbindung mit Konzeptions- und globaler Verantwortungslosigkeit macht Terror und Amokl\u00e4ufe auch m\u00f6glich. Weil es von den Ursachen ablenkt und von der sachlichen Debatte \u00fcber L\u00f6sungen abh\u00e4lt.<\/p>\n","protected":false},"excerpt":{"rendered":"<p>Logisch. Wenn ich mich in einen Zug setze, will ich gesund nach Hause kommen. Wenn ich auf den Marktplatz oder in ein Einkaufszentrum gehe, will ich ungern abgeknallt werden. Wenn ich ein Konzert oder eine Sportveranstaltung besuche, mag ich weder Selbstmordattent\u00e4ter mit Sprengstoff noch eine explodierende Gasflasche am W\u00fcrstchenstand neben mir wissen. Und ich will [&hellip;]<\/p>\n","protected":false},"author":3,"featured_media":0,"comment_status":"open","ping_status":"open","sticky":false,"template":"","format":"standard","meta":{"footnotes":""},"categories":[1],"tags":[311,25,312,313,143,310],"class_list":["post-4276","post","type-post","status-publish","format-standard","hentry","category-allgemein","tag-ansbach","tag-demaiziere","tag-muenchen","tag-reutlingen","tag-terror","tag-wuerzburg"],"_links":{"self":[{"href":"https:\/\/www.tauss-gezwitscher.de\/index.php?rest_route=\/wp\/v2\/posts\/4276","targetHints":{"allow":["GET"]}}],"collection":[{"href":"https:\/\/www.tauss-gezwitscher.de\/index.php?rest_route=\/wp\/v2\/posts"}],"about":[{"href":"https:\/\/www.tauss-gezwitscher.de\/index.php?rest_route=\/wp\/v2\/types\/post"}],"author":[{"embeddable":true,"href":"https:\/\/www.tauss-gezwitscher.de\/index.php?rest_route=\/wp\/v2\/users\/3"}],"replies":[{"embeddable":true,"href":"https:\/\/www.tauss-gezwitscher.de\/index.php?rest_route=%2Fwp%2Fv2%2Fcomments&post=4276"}],"version-history":[{"count":15,"href":"https:\/\/www.tauss-gezwitscher.de\/index.php?rest_route=\/wp\/v2\/posts\/4276\/revisions"}],"predecessor-version":[{"id":4292,"href":"https:\/\/www.tauss-gezwitscher.de\/index.php?rest_route=\/wp\/v2\/posts\/4276\/revisions\/4292"}],"wp:attachment":[{"href":"https:\/\/www.tauss-gezwitscher.de\/index.php?rest_route=%2Fwp%2Fv2%2Fmedia&parent=4276"}],"wp:term":[{"taxonomy":"category","embeddable":true,"href":"https:\/\/www.tauss-gezwitscher.de\/index.php?rest_route=%2Fwp%2Fv2%2Fcategories&post=4276"},{"taxonomy":"post_tag","embeddable":true,"href":"https:\/\/www.tauss-gezwitscher.de\/index.php?rest_route=%2Fwp%2Fv2%2Ftags&post=4276"}],"curies":[{"name":"wp","href":"https:\/\/api.w.org\/{rel}","templated":true}]}}