{"id":4228,"date":"2015-10-21T19:48:29","date_gmt":"2015-10-21T17:48:29","guid":{"rendered":"http:\/\/www.tauss-gezwitscher.de\/?p=4228"},"modified":"2015-11-15T22:58:45","modified_gmt":"2015-11-15T21:58:45","slug":"fluechtlinge-wir-schaffen-es","status":"publish","type":"post","link":"https:\/\/www.tauss-gezwitscher.de\/?p=4228","title":{"rendered":"Fl\u00fcchtlinge: Wir schaffen es &#8230;&#8230;"},"content":{"rendered":"<p><a href=\"https:\/\/www.tauss-gezwitscher.de\/wp-content\/uploads\/2015\/10\/IMG_1059.jpg\"><img loading=\"lazy\" decoding=\"async\" class=\"aligncenter size-medium wp-image-4229\" src=\"https:\/\/www.tauss-gezwitscher.de\/wp-content\/uploads\/2015\/10\/IMG_1059-300x225.jpg\" alt=\"IMG_1059\" width=\"300\" height=\"225\" \/><\/a><\/p>\n<p>&nbsp;<\/p>\n<p>Hunderttausende Fl\u00fcchtlinge, nicht allein aus dem geschundenen Syrien, haben sich nach (Mittel-) Europa\u00a0 und somit auch zu uns auf den Weg gemacht. Die Reaktionen reichen von blankem Hass der Neonazis, des Messerstechers in K\u00f6ln und der erb\u00e4rmlichen Brandstifter bis hin zu den besorgten Pegida- B\u00fcrgern einerseits hin zur legend\u00e4ren Merkel- \u00c4usserung: \u201eWir schaffen das\u201c andererseits.<\/p>\n<p><!--more--><\/p>\n<p>Nat\u00fcrlich K\u00d6NN(T)EN wir es, allen Unkenrufen der Seehofers und Kretschmanns zum Trotz, schaffen.<\/p>\n<p>&nbsp;<\/p>\n<p>Allerdings schaffen wir es nicht mit der aktuellen Beh\u00e4bigkeit und mancher Scheindebatten innerhalb der EU und unserer Regierungen im\u00a0 Bund und in den L\u00e4ndern. Bisher wurde an den gigantischen Herausforderungen herumgedoktert. Abschiebungsgefasel und Asylrechts\u00e4nderungen sind Teil dieser Herumdoktorei. Nicht nur die SPD versagt kl\u00e4glich, weil sie entgegen ihrer Versprechungen der Asylrechtsversch\u00e4rfung zustimmte, ohne parallel das Einwanderungsgesetz auf den Weg gebracht zu haben. Derweil tr\u00e4umen die Seehofers von Orbans Stacheldraht.<\/p>\n<p>&nbsp;<\/p>\n<p>Bei uns im Dorf gehen wir den gegenteiligen Weg: Wir k\u00fcmmern uns um rund 200 Fl\u00fcchtlinge. Es geht. In B\u00fcrgerversammlungen wurde und wird rechtzeitig informiert. In Deutschland gibt es rund 13.000 Kommunen. W\u00fcrden alle diese St\u00e4dte und Gemeinden &#8222;nur&#8220; je 100 Fl\u00fcchtlinge, gerne auch deutsche Obdachlose, \u00fcbernehmen, h\u00e4tten wir schon mal 1,6 Millionen Menschen zus\u00e4tzlich untergebracht.<\/p>\n<p>&nbsp;<\/p>\n<p>Und um diese Gr\u00f6\u00dfenordnungen geht es (noch) nicht. Noch! Denn die Zeitfenster, zu handeln, schlie\u00dfen sich. Solange die EU und die Weltgemeinschaft entgegen aller Zusagen und Vereinbarungen (sic!) nicht einmal die Mittel aufbringen, Fl\u00fcchtlingslager ausreichend mit Lebensmitteln zu versorgen, braucht sich niemand zu wundern, wenn sich immer mehr auf den Weg machen.<\/p>\n<p>&nbsp;<\/p>\n<p>Auch Merkel muss endlich, \u00fcber ihr &#8222;wir schaffen das&#8220; hinaus, zu klaren Entscheidungen zu kommen. Ihre derzeitige Politik, moralisch akzeptabel, erinnert fatal an Kohls katastrophales Versprechen von den bl\u00fchenden Landschaften, die bekanntlich nichts kosten sollten. Jetzt wird wieder so getan, als sei die (ungleich geringere) Fl\u00fcchtlingsherausforderung quasi aus der Portokasse zu finanzieren. Das geht aber nicht.<\/p>\n<p>&nbsp;<\/p>\n<p>Nicht einmal das, im Verh\u00e4ltnis noch geringere, Problem Elbhochwasser des Jahres 2002 war ohne eine gro\u00dfe private Spendenbereitschaft und finanzieller Kraftakte zu bew\u00e4ltigen. Von Bund und L\u00e4ndern wurde damals , &#8222;nur&#8220; wegen des Wassers, ein Hilfsfonds von 8 Milliarden eingerichtet.<\/p>\n<p>&nbsp;<\/p>\n<p>Erstaunlich, dass die Union nie dazu lernt und dem staunenden Publikum stets suggerieren will, es ginge mit etwas Einsparungen, einer Haushaltssperre und mit ein paar Verhandlungen mit T\u00fcrkei und EU oder eben, siehe Seehofer, mit Stacheldraht an &#8222;Aussengrenzen&#8220;.<\/p>\n<p>&nbsp;<\/p>\n<p>Nichts davon ist richtig. Verzweifelte Menschen, die nichts mehr zu verlieren haben, werden von fiskalischen \u00dcberlegungen, bayerischen und sonstigen Pappkameraden nicht aufgehalten. Neben der Hilfen vor Ort, nicht nur in Syrien, in der T\u00fcrkei, im Libanon etc. bedarf es hierzulande gewaltiger Kraftanstrengungen. Diese gibt es eben nicht kostenlos.<\/p>\n<p>&nbsp;<\/p>\n<p>Es sind jetzt endlich alle M\u00f6glichkeiten der Katastrophenhilfe zu mobilisieren. Es ist l\u00e4cherlich, dass wir im Zweifel ganze Landkreise evakuieren k\u00f6nnten und es nicht schaffen, \u00fcberf\u00fcllte Fl\u00fcchtlingsunterk\u00fcnfte mit hinreichend Duschen und Toiletten zu versorgen. Das sollte besorgte B\u00fcrger mit mehr Besorgnis erf\u00fcllen als das vieldiskutierte Fl\u00fcchtlings&#8220;problem&#8220;.<\/p>\n<p>&nbsp;<\/p>\n<p>Fl\u00e4chendeckend brauchen wir kurzfristig in allen Landstrichen menschenw\u00fcrdige &#8222;Containerd\u00f6rfer&#8220; mit einem Mindestma\u00df an Infrastruktur bis hin zu kultureller Integration, Sprachkursen und Kinderbetreuung. Vor allem in Studentenst\u00e4dten k\u00f6nnte dies gut mit dem seit Jahren vernachl\u00e4ssigten studentischen Wohnungsbau kombiniert werden. Und mittelfristig mit genossenschaftlichem (Sozial-)Wohnungsbau, denn in einigen Jahren haben wir es mit Anschlussunterbringungen zu tun. Das kostet Geld? Richtig. Mit &#8222;schwarzer Null&#8220; und &#8222;keine Opfer f\u00fcr niemand&#8220; wird es nicht leistbar sein.<\/p>\n<p>&nbsp;<\/p>\n<p>Also ist die Herausforderung klar: Ein Prozentpunkt Mehrwertsteuererh\u00f6hung (kein Problem bei der gegenw\u00e4rtigen Null- Preissteigerungsrate), eine Sonderabgabe auf Verm\u00f6gen und zus\u00e4tzlich die Mobilisierung privater Hilfsbereitschaft w\u00e4re das Gebot der Stunde und ein Konjunkturprogramm erster G\u00fcte. Rund 8 &#8211; 10 Milliarden Euro k\u00e4men so, ganz ohne Neuverschuldung, allen und nicht &#8222;nur&#8220; Fl\u00fcchtlingen zugute.<\/p>\n<p>&nbsp;<\/p>\n<p>Frau Merkel, werden Sie also endlich ehrlich. Nur DANN schaffen wir es.<\/p>\n<p>&nbsp;<\/p>\n","protected":false},"excerpt":{"rendered":"<p>&nbsp; Hunderttausende Fl\u00fcchtlinge, nicht allein aus dem geschundenen Syrien, haben sich nach (Mittel-) Europa\u00a0 und somit auch zu uns auf den Weg gemacht. Die Reaktionen reichen von blankem Hass der Neonazis, des Messerstechers in K\u00f6ln und der erb\u00e4rmlichen Brandstifter bis hin zu den besorgten Pegida- B\u00fcrgern einerseits hin zur legend\u00e4ren Merkel- \u00c4usserung: \u201eWir schaffen das\u201c [&hellip;]<\/p>\n","protected":false},"author":3,"featured_media":0,"comment_status":"open","ping_status":"open","sticky":false,"template":"","format":"standard","meta":{"footnotes":""},"categories":[1],"tags":[103,104,301,17,212,26,302,167,15],"class_list":["post-4228","post","type-post","status-publish","format-standard","hentry","category-allgemein","tag-cdu","tag-csu","tag-fluechtlinge","tag-grune","tag-kretschmann","tag-merkel","tag-orban","tag-seehofer","tag-spd"],"_links":{"self":[{"href":"https:\/\/www.tauss-gezwitscher.de\/index.php?rest_route=\/wp\/v2\/posts\/4228","targetHints":{"allow":["GET"]}}],"collection":[{"href":"https:\/\/www.tauss-gezwitscher.de\/index.php?rest_route=\/wp\/v2\/posts"}],"about":[{"href":"https:\/\/www.tauss-gezwitscher.de\/index.php?rest_route=\/wp\/v2\/types\/post"}],"author":[{"embeddable":true,"href":"https:\/\/www.tauss-gezwitscher.de\/index.php?rest_route=\/wp\/v2\/users\/3"}],"replies":[{"embeddable":true,"href":"https:\/\/www.tauss-gezwitscher.de\/index.php?rest_route=%2Fwp%2Fv2%2Fcomments&post=4228"}],"version-history":[{"count":4,"href":"https:\/\/www.tauss-gezwitscher.de\/index.php?rest_route=\/wp\/v2\/posts\/4228\/revisions"}],"predecessor-version":[{"id":4249,"href":"https:\/\/www.tauss-gezwitscher.de\/index.php?rest_route=\/wp\/v2\/posts\/4228\/revisions\/4249"}],"wp:attachment":[{"href":"https:\/\/www.tauss-gezwitscher.de\/index.php?rest_route=%2Fwp%2Fv2%2Fmedia&parent=4228"}],"wp:term":[{"taxonomy":"category","embeddable":true,"href":"https:\/\/www.tauss-gezwitscher.de\/index.php?rest_route=%2Fwp%2Fv2%2Fcategories&post=4228"},{"taxonomy":"post_tag","embeddable":true,"href":"https:\/\/www.tauss-gezwitscher.de\/index.php?rest_route=%2Fwp%2Fv2%2Ftags&post=4228"}],"curies":[{"name":"wp","href":"https:\/\/api.w.org\/{rel}","templated":true}]}}