{"id":4150,"date":"2014-08-29T13:52:57","date_gmt":"2014-08-29T11:52:57","guid":{"rendered":"http:\/\/www.tauss-gezwitscher.de\/?p=4150"},"modified":"2014-08-29T14:03:27","modified_gmt":"2014-08-29T12:03:27","slug":"putin-und-die-ukraine","status":"publish","type":"post","link":"https:\/\/www.tauss-gezwitscher.de\/?p=4150","title":{"rendered":"Putin und die Ukraine"},"content":{"rendered":"<p>Au\u00dfer der \u00dcberschrift kann man der Einsch\u00e4tzung von <em>Frank L\u00fcbberding<\/em> in Carta <a href=\"http:\/\/www.carta.info\/74143\/putin-und-die-realpolitik\/\">(\u201ePutin und die Realpolitik\u201c) <\/a>im Wesentlichen zustimmen. Allerdings l\u00f6st sich auch L\u00fcbbberding, wie besagte \u00dcberschrift zeigt,\u00a0 nicht v\u00f6llig aus dem einseitigen \u201ePutin-ist-b\u00f6se-und-verantwortlich\u201c Mainstream des hiesigen Journalismus. Denn ungeachtet, wer in der Ostukraine mit welchem Pass k\u00e4mpft: L\u00e4ngst terrorisisieren bewaffnete und privat finanzierte S\u00f6ldner der Oligarchen die Menschen in der Ostukraine. Die noch fahrt\u00fcchtige ukrainische Restarmee paradiert derweil fr\u00f6hlich feiertags in Kiev.<br \/>\nDie Probleme sind von L\u00fcbberding dessen ungeachtet gut auf den Punkt gebracht. Allerdings wird mit jedem Schuss, den das Kiever Regime auf die Ostukraine abfeuern l\u00e4sst, Putins Position st\u00e4rker (bzw. innerhalb Russlands der Druck der Nationalisten auf ihn gr\u00f6\u00dfer). Seine M\u00f6glichkeiten zum \u201erealpolitischen\u201c Handeln werden so also schw\u00e4cher statt st\u00e4rker.<br \/>\nWenn eine f\u00f6deralisierte, statt geteilter, Ukraine an der Nahtstelle EU\/ Russland \u00fcberhaupt noch eine reelle und winzige (Zukunfts-)Chance haben soll, muss der Beschuss der Ostukraine seitens der Kiever Freisch\u00e4rler sofort und bedingungslos aufh\u00f6ren und es m\u00fcssen internationale Friedensverhandlungen zur Zukunft der Ukraine einschlie\u00dflich der Energiefrage beginnen. Und zwar ohne \u201cWenn\u201d und \u201cAber\u201d seitens des Kiever Regimes und unter Beteiligung der \u201cSeperatisten\u201d.<br \/>\nGleichzeitig sind dann die Sanktionen des Westens und die russischen Gegenreaktionen zur\u00fcckzufahren. Bisher sieht es aber nicht so aus, als ob der Westen das versteht oder dass sich hier endlich die besonneneren Kr\u00e4fte gegen die kalten Krieger im NATO- Hauptquartier, in Washington und Br\u00fcssel durchsetzen k\u00f6nnten.<br \/>\nDann aber w\u00e4re das Szenario der n\u00e4chsten Monate und Jahre klar: Die Ukraine wird geteilt. Es gibt dann einen neuen eisernen Vorhang mitten in Europa und die NATO hat endlich ihr ersehntes Feindbild zur\u00fcckgewonnen.<br \/>\nWahrscheinlich war und ist dies, inclusive der NATO- Ausweitung, auch Ziel und Zweck der gezielten us- amerikanischen Destabilisierung der Ukraine unter freundlicher Mitwirkung der EU.<br \/>\nALLES l\u00e4sst sich schlie\u00dflich nicht mehr allein mit Dilettantismus in Br\u00fcssel und Washington erkl\u00e4ren\u2026\u2026Aber erst recht nicht mit Putin.<\/p>\n","protected":false},"excerpt":{"rendered":"<p>Au\u00dfer der \u00dcberschrift kann man der Einsch\u00e4tzung von Frank L\u00fcbberding in Carta (\u201ePutin und die Realpolitik\u201c) im Wesentlichen zustimmen. Allerdings l\u00f6st sich auch L\u00fcbbberding, wie besagte \u00dcberschrift zeigt,\u00a0 nicht v\u00f6llig aus dem einseitigen \u201ePutin-ist-b\u00f6se-und-verantwortlich\u201c Mainstream des hiesigen Journalismus. Denn ungeachtet, wer in der Ostukraine mit welchem Pass k\u00e4mpft: L\u00e4ngst terrorisisieren bewaffnete und privat finanzierte S\u00f6ldner [&hellip;]<\/p>\n","protected":false},"author":3,"featured_media":0,"comment_status":"open","ping_status":"open","sticky":false,"template":"","format":"standard","meta":{"footnotes":""},"categories":[1],"tags":[101,270,269,66],"class_list":["post-4150","post","type-post","status-publish","format-standard","hentry","category-allgemein","tag-eu","tag-putin","tag-ukraine","tag-usa"],"_links":{"self":[{"href":"https:\/\/www.tauss-gezwitscher.de\/index.php?rest_route=\/wp\/v2\/posts\/4150","targetHints":{"allow":["GET"]}}],"collection":[{"href":"https:\/\/www.tauss-gezwitscher.de\/index.php?rest_route=\/wp\/v2\/posts"}],"about":[{"href":"https:\/\/www.tauss-gezwitscher.de\/index.php?rest_route=\/wp\/v2\/types\/post"}],"author":[{"embeddable":true,"href":"https:\/\/www.tauss-gezwitscher.de\/index.php?rest_route=\/wp\/v2\/users\/3"}],"replies":[{"embeddable":true,"href":"https:\/\/www.tauss-gezwitscher.de\/index.php?rest_route=%2Fwp%2Fv2%2Fcomments&post=4150"}],"version-history":[{"count":7,"href":"https:\/\/www.tauss-gezwitscher.de\/index.php?rest_route=\/wp\/v2\/posts\/4150\/revisions"}],"predecessor-version":[{"id":4158,"href":"https:\/\/www.tauss-gezwitscher.de\/index.php?rest_route=\/wp\/v2\/posts\/4150\/revisions\/4158"}],"wp:attachment":[{"href":"https:\/\/www.tauss-gezwitscher.de\/index.php?rest_route=%2Fwp%2Fv2%2Fmedia&parent=4150"}],"wp:term":[{"taxonomy":"category","embeddable":true,"href":"https:\/\/www.tauss-gezwitscher.de\/index.php?rest_route=%2Fwp%2Fv2%2Fcategories&post=4150"},{"taxonomy":"post_tag","embeddable":true,"href":"https:\/\/www.tauss-gezwitscher.de\/index.php?rest_route=%2Fwp%2Fv2%2Ftags&post=4150"}],"curies":[{"name":"wp","href":"https:\/\/api.w.org\/{rel}","templated":true}]}}