{"id":3845,"date":"2013-12-05T18:01:46","date_gmt":"2013-12-05T17:01:46","guid":{"rendered":"http:\/\/www.tauss-gezwitscher.de\/?p=3845"},"modified":"2013-12-05T18:22:36","modified_gmt":"2013-12-05T17:22:36","slug":"eu-restricted-das-freihandelsabkommen","status":"publish","type":"post","link":"https:\/\/www.tauss-gezwitscher.de\/?p=3845","title":{"rendered":"&#8222;EU restricted&#8220;: Das Freihandelsabkommen"},"content":{"rendered":"<blockquote><p><em>\u201e&#8230;. so werden wir beispielsweise den Abschluss eines Freihandelsabkommens mit den USA vorantreiben&#8230;\u201c<\/em><\/p><\/blockquote>\n<p>Das ist einer der wenigen konkreten S\u00e4tze im Entwurf des Koalitionsvertrages zwischen Union und SPD zum Thema <em>\u201eStarkes Europa\u201c<\/em> auf Seite 162, zu dem die Mitglieder der SPD nat\u00fcrlich auch abstimmen und JA sagen sollen.<\/p>\n<p>Nur: Selbst (Bundestags-)Abgeordnete, die an diesen Koalitions&#8220;verhandlungen&#8220; beteiligt waren, kennen den Inhalt dessen nicht, WAS \u00a0da denn so nebenbei an neoliberaler Marktderegulierung vorangetrieben werden soll. Geschweige denn die Mitglieder der SPD, sofern diese nicht zuf\u00e4llig selbst \u00a0in der Exekutive t\u00e4tig sind. Auch die sonstigen SPD- Abgeordneten, die dem Koalitionsvertrag doch so freudig zustimmten, kennen ihn &#8222;selbstverst\u00e4ndlich&#8220; nicht. Hauptsache, das ihnen Unbekannte wird vorangetrieben.<\/p>\n<p>Dieser unglaubliche Vorgang ergibt sich aus der Antwort zu einer Anfrage, welche freundlicherweise die Fraktionen von <em>B\u00dcNDNIS 90\/DIE GR\u00dcNEN<\/em> und <em>SPD<\/em> in der Bremischen B\u00fcrgerschaft an die Landesregierung von Bremen gerichtet hatten.<\/p>\n<p>Gefragt wurde im hohen Norden zum geplanten <a href=\"http:\/\/de.wikipedia.org\/wiki\/Transatlantisches_Freihandelsabkommen\">EU- USA- Freihandelsabkommen (TTIP)<\/a>, ob denn dem Senat zu Bremen das <em>Verhandlungsmandat<\/em> der EU-Kommission bekannt sei und wie dieses denn so laute. Die Antwort ist so unversch\u00e4mt wie nicht verbl\u00fcffend. Sie zeigt einmal mehr, dass Exekutiven unter Ausschluss unserer Parlamente nach Belieben schalten und walten k\u00f6nnen und dies auch tun. ACTA und andere Geheimkr\u00e4mereien lassen gr\u00fc\u00dfen:<\/p>\n<blockquote><p><em>\u00a0&#8230;.Der Senat hat \u00fcber die Bundesratsdatenbank Eudisys Zugang zu\u00a0den Verhandlungsleitlinien f\u00fcr ein Freihandelsabkommen der EU mit den\u00a0USA, die der Rat (Ausw\u00e4rtige Angelegenheiten\/Handel) der Europ\u00e4ischen\u00a0Kommission am 14. Juni 2013 gegeben hat. Die Ver\u00f6ffentlichung diesesDokuments ist dem Senat allerdings gem\u00e4\u00df Art. 1 Abs. 2, Art. 3 Abs. 1,\u00a0Art. 4 Abs. 2 Beschluss des Rates vom 31.03.2011 (2011\/292\/EU) <strong>derzeit\u00a0untersagt<\/strong>, da die Verhandlungsleitlinien als \u201eEU restricted\u201c\u00a0eingestuft sind und lediglich oberste Bundes- und Landesbeh\u00f6rden\u00a0darauf zugreifen d\u00fcrfen&#8230;.<\/em>(Drs. 18\/1187 v. 3. 12. 2013).<\/p><\/blockquote>\n<p>Zu Deutsch: Die GroKo treibt ein Abkommen voran, dessen Inhalte wie ausgef\u00fchrt nicht einmal den an den GroKo- Verhandlungen beteiligten Abgeordneten bekannt sind. Sogar Landesverwaltungen wissen mehr- d\u00fcrfen aber leider, leider nichts sagen.<\/p>\n<p>Es wird Zeit, nach \u201eStoppt ACTA\u201c endlich zu rufen:<strong> \u201eStoppt TTIP\u201c.<\/strong><\/p>\n<p>Wenn im Gegensatz zu Konzernen und Regierungsbeamten die Parlamente wieder einmal nicht dar\u00fcber informiert werden, was deren Exekutiven ohne demokratische Legitimation und Transparenz auf internationaler Ebene so beliebig vor sich hin verhandeln, ist Widerstand angesagt.<\/p>\n<p>Dass diese &#8222;Legitimation&#8220; nun so stillschweigend und ohne Kenntnis der Verhandlungsinhalte durch diesen Koalitionsvertrag hergestellt werden soll, ist ein weiterer Skandal dieser Gro\u00dfen Koalition- noch bevor sie eigentlich begonnen hat.<\/p>\n","protected":false},"excerpt":{"rendered":"<p>\u201e&#8230;. so werden wir beispielsweise den Abschluss eines Freihandelsabkommens mit den USA vorantreiben&#8230;\u201c Das ist einer der wenigen konkreten S\u00e4tze im Entwurf des Koalitionsvertrages zwischen Union und SPD zum Thema \u201eStarkes Europa\u201c auf Seite 162, zu dem die Mitglieder der SPD nat\u00fcrlich auch abstimmen und JA sagen sollen. Nur: Selbst (Bundestags-)Abgeordnete, die an diesen Koalitions&#8220;verhandlungen&#8220; [&hellip;]<\/p>\n","protected":false},"author":3,"featured_media":0,"comment_status":"open","ping_status":"open","sticky":false,"template":"","format":"standard","meta":{"footnotes":""},"categories":[1],"tags":[101,256,257],"class_list":["post-3845","post","type-post","status-publish","format-standard","hentry","category-allgemein","tag-eu","tag-groko","tag-ttip"],"_links":{"self":[{"href":"https:\/\/www.tauss-gezwitscher.de\/index.php?rest_route=\/wp\/v2\/posts\/3845","targetHints":{"allow":["GET"]}}],"collection":[{"href":"https:\/\/www.tauss-gezwitscher.de\/index.php?rest_route=\/wp\/v2\/posts"}],"about":[{"href":"https:\/\/www.tauss-gezwitscher.de\/index.php?rest_route=\/wp\/v2\/types\/post"}],"author":[{"embeddable":true,"href":"https:\/\/www.tauss-gezwitscher.de\/index.php?rest_route=\/wp\/v2\/users\/3"}],"replies":[{"embeddable":true,"href":"https:\/\/www.tauss-gezwitscher.de\/index.php?rest_route=%2Fwp%2Fv2%2Fcomments&post=3845"}],"version-history":[{"count":19,"href":"https:\/\/www.tauss-gezwitscher.de\/index.php?rest_route=\/wp\/v2\/posts\/3845\/revisions"}],"predecessor-version":[{"id":3856,"href":"https:\/\/www.tauss-gezwitscher.de\/index.php?rest_route=\/wp\/v2\/posts\/3845\/revisions\/3856"}],"wp:attachment":[{"href":"https:\/\/www.tauss-gezwitscher.de\/index.php?rest_route=%2Fwp%2Fv2%2Fmedia&parent=3845"}],"wp:term":[{"taxonomy":"category","embeddable":true,"href":"https:\/\/www.tauss-gezwitscher.de\/index.php?rest_route=%2Fwp%2Fv2%2Fcategories&post=3845"},{"taxonomy":"post_tag","embeddable":true,"href":"https:\/\/www.tauss-gezwitscher.de\/index.php?rest_route=%2Fwp%2Fv2%2Ftags&post=3845"}],"curies":[{"name":"wp","href":"https:\/\/api.w.org\/{rel}","templated":true}]}}