{"id":3775,"date":"2013-08-24T22:06:55","date_gmt":"2013-08-24T20:06:55","guid":{"rendered":"http:\/\/www.tauss-gezwitscher.de\/?p=3775"},"modified":"2013-08-24T22:32:28","modified_gmt":"2013-08-24T20:32:28","slug":"piraten-weisen-bosbach-den-weg","status":"publish","type":"post","link":"https:\/\/www.tauss-gezwitscher.de\/?p=3775","title":{"rendered":"Piraten weisen Bosbach den Weg"},"content":{"rendered":"<p><a href=\"https:\/\/www.tauss-gezwitscher.de\/wp-content\/uploads\/2013\/08\/IMG_0106.jpg\"><img loading=\"lazy\" decoding=\"async\" class=\"aligncenter size-medium wp-image-3777\" title=\"Wir warten auf Bosbach\" src=\"https:\/\/www.tauss-gezwitscher.de\/wp-content\/uploads\/2013\/08\/IMG_0106-300x225.jpg\" alt=\"\" width=\"300\" height=\"225\" \/><\/a>Diese Woche habe ich mir mal den Vorsitzenden des Innenausschusses im Bundestag, <em>Wolfgang Bosbach <\/em>(CDU) angeh\u00f6rt. Er sprach vor rund 250 CDU- Anh\u00e4ngern hinter den leeren Eimern (Foto) \u00a0in einem Gartenzentrum meiner Region. Denn er wollte nicht im Freien und nicht in einem Saal reden, erfuhr das Publikum. Und so sei man auf die Idee mit der G\u00e4rtnerei gekommen.\u00a0 Bosbach teilte dann auch fr\u00f6hlich mit, er h\u00e4tte mal in einer Schreinerei, aber noch nie in einem Gew\u00e4chshaus, geredet. Damit waren wir quitt. Ich musste auch noch nie in einer Geranienaufzuchtstation der CDU zuh\u00f6ren.<\/p>\n<p>Begr\u00fc\u00dft wurden dann, als es endlich losging, die Anh\u00e4nger der CDU. Auf die Idee, dass sich auch Nichtanh\u00e4nger und Normalb\u00fcrger mal in eine Veranstaltung der Union verirren k\u00f6nnten, kommen die schon gar nicht mehr. Halt: Auch der B\u00fcrgermeister (nicht CDU) wurde begr\u00fc\u00dft. Doch der war (noch?) gar nicht da. Allerdings ist die Schmerzschwelle f\u00fcr eine derartige Veranstaltung so hoch, dass man schon wieder Verst\u00e4ndnis hat, wenn der B\u00fcrgermeister in der Amtsstube bleibt.<\/p>\n<p>Wenigstens war ein Bierstand aufgebaut. Alkoholfreie Getr\u00e4nke gab es dagegen nicht. Alkohol ist also eine weitere Strategie f\u00fcr einigerma\u00dfen normale Menschen, am fr\u00fchen Nachmittag CDU- Plattheiten \u00fcber sich ergehen zu lassen. Einige Kostproben:<\/p>\n<p>Bosbach lobte, weil <em>&#8222;das endlich mal f\u00e4llig&#8220;<\/em> sei, die Opas und Omas, die nach dem Krieg das alles bei uns aufgebaut h\u00e4tten. Irgendwie geht es da schon in der zeitlichen Dimension schon was durcheinander. Denn schon Nachkriegsgeborene gehen als Gro\u00dfeltern auf die 70 zu. Auch Bosbachs Mama hatte mit dem Kriegsausgang als 5-j\u00e4hrige wohl wenig zu tun und war als Tr\u00fcmmerfrau kaum einsetzbar. Egal. Die anwesenden Omas und Opas f\u00fchlten sich angesprochen und freuten sich.<\/p>\n<p>Bosbach verhagelte dann die zunehmend gel\u00f6ste Bierstimmung mit der Mitteilung, dass sie (die hart arbeitenden Anwesenden) ihren armen Kindern demn\u00e4chst nichts mehr vererben k\u00f6nnten. Vorausgesetzt nat\u00fcrlich nur, dass ROT- Rot- Gr\u00fcn regiere. Dann w\u00e4re dank Erbschaftssteuer n\u00e4mlich fast alles, was sie versteuer<em>t (sic!)<\/em> erarbeitet h\u00e4tten, einfach weg. Das Erschrecken stand meinen Tischnachbarn ins Gesicht geschrieben. Jetzt freuten sie sich nicht mehr. Das ganze sch\u00f6ne Angesparte weg, nur weil man im Sarg liegt? Das f\u00fchrt schon zu schlaflosen N\u00e4chten.<\/p>\n<p>Flugs wechselte Bosbach also das Thema. Soviel Horror war dem Publikum nun doch nicht zumutbar. Er erz\u00e4hlte jetzt was vom globalen Wettbewerb, der Notwendigkeit von Bildung und vom Westfalen an sich. Die Westfalen fragten immer, <em>&#8222;was machen wir heute?&#8220;<\/em> Die Rheinl\u00e4nder, wie er, seien da ganz anders. Die fragten, <em>&#8222;was machen wir heute ABEND?&#8220;.<\/em> Da lachte der Saal wieder. Und \u00fcberhaupt, fand Bosbach, sollten wir <em>&#8222;uns&#8220;<\/em> nicht so wichtig nehmen.<\/p>\n<p>Jetzt nahm er sich aber wieder ganz wichtig, wurde total ernst und erz\u00e4hlte von fr\u00fcher, als sie noch kein Handy hatten, gegen alles traten was RUND war und erst heimgingen, als es Dunkel wurde und die Mama schimpfte. Irgendwie war zu vermuten, dass nun die Forderung nach Video\u00fcberwachung oder Vorratsdatenspeicherung kommen w\u00fcrde. Aber er kam nur zu Facebook. Fr\u00fcher gab es kein Handy, heute Facebook erl\u00e4uterte Bosbach. Das sei eben das ver\u00e4nderte Kommunikationsverhalten, das er aber auch nicht verst\u00fcnde. Seine Tochter sei da ganz anders. Die wisse Bescheid. Was nur wollte er uns damit sagen? <em>&#8222;Dass es eben keine Einheitskinder gibt, und es deshalb keine Einheitsschule geben darf&#8220;<\/em>. Ach so. Der Zusammenhang erschlie\u00dft sich automatisch.<\/p>\n<p><em>&#8222;Es muss aufh\u00f6ren, dass die Alten aus den Betrieben gedr\u00e4ngt werden&#8220;,<\/em> rief Bosbach dann nach dem Facebook- Einblick in &#8222;M<em>illiarden Nutzer&#8220;\u00a0<\/em> in die versammelte Menge. Und er lobte Baden- W\u00fcrttemberg und dessen Erfinder des Faxger\u00e4tes. Hier, und nicht von Bill Gates, sei von Zuse n\u00e4mlich der Computer erfunden worden. Zuse war zwar Berliner und nach dem Krieg auch mal im ALLG\u00c4U. Aber diese Kurve brauchte er wohl, um dann vom Export <em>&#8222;von in den USA gebauten BMW- Autos&#8220;<\/em> zu berichten und davon, dass die CDU die Partei f\u00fcr jene sei,<em> &#8222;die um 6.00 Uhr aufstehen, um zu arbeiten&#8230;&#8220;<\/em> Das freute die Rentner. Deshalb seien die Renten in Deutschland sicher. Ach so. Und deshalb m\u00fcsse man sich gegen den <em>&#8222;rot- gr\u00fcnen Feldzug wehren<\/em>&#8222;.<\/p>\n<p><strong><em>Ich bin kein Rebell&#8230;..<\/em><\/strong><\/p>\n<p>Denn nur unter der CDU sei alles gut und am Wahlabend brauche man einen ganz gro\u00dfen schwarzen Balken bei der Hochrechnung. Das freue ihn dann immer, verriet er dann. Die Gr\u00fcnen wollten schliesslich <em>&#8222;die Bratwurst verbieten&#8220;.<\/em> Auch das mache den schwarz- gr\u00fcnen Unterschied aus. Na denn. Und das Schlimme an Steinbr\u00fcck sei, dass der nicht nur sage, was er denke, sondern sogar denkt, was er sagt. Irgendwie hat er sich bei diesem Gag wohl verheddert. Das fiel aber niemand auf, zumal er meinte, die tolle Merkel sei, nat\u00fcrlich im Gegensatz zu Steinbr\u00fcck, da ganz anders und nat\u00fcrlich. Da wurde wieder lebhaft geklatscht.<\/p>\n<p>Unvermittelt rief Bosbach nun in das Gew\u00e4chshaus, er sei doch kein Rebell. Das m\u00fcsse er gerade bei der CDU doch auch mal sagen d\u00fcrfen und m\u00fcssen. Aber das h\u00e4tte auch kaum einer vermutet. <em>&#8222;Aber es darf nicht so sein, dass Deutschland so viel f\u00fcr Banken und Griechenlandschulden haftet&#8220;<\/em>. Das h\u00e4tte er auch der Kanzlerin gesagt. Ach so. Aber nur deshalb sei &#8222;<em>er doch kein Quertreiber&#8220;<\/em>, beteuerte Bosbach. Jeder glaubte ihm aufs Wort.<\/p>\n<p>Und man solle der FDP nur keine Leihstimmen geben. Denn die <em>&#8222;geben geliehene Stimmen nie zur\u00fcck&#8220;<\/em>, sagte Bosbach. Stimmt, sagte die Frau mir gegen\u00fcber nachdenklich und biss in eine der kostenlos ausgegebenen Brezeln, die sie sicher auch nie der CDU zur\u00fcckgibt.<\/p>\n<p>Jetzt w\u00fcnschte er <em>&#8222;uns&#8220;<\/em>\u00a0 und den regionalen Kandidaten noch viel Erfolg. Da die Rede zu Ende war, wurde jetzt ganz viel geklatscht. Eine Diskussion gab es nicht.Vielleicht h\u00e4tte nicht nur ich gefragt, warum der Vorsitzende des Bundestagsinnenausschusses kein Wort zum Thema B\u00fcrgerrechte oder zu aktuellen Themen wie NSU oder Prism verlor. War da nicht was in der letzten Zeit? Zum Beispiel der Bundestagsbericht zum zentralen Versagen der Sicherheitsbeh\u00f6rden? Nicht f\u00fcr Bosbach.<\/p>\n<p>Deshalb nur noch ein kleiner Nachtrag zur \u00dcberschrift dieses Beitrags: Dass er eine Stunde zu sp\u00e4t zum Vortrag dieser nun wahrhaft historischen Ansprache kam, begr\u00fcndete Bosbach neben dem\u00a0 A5- Stau hinter Rust damit, sein Navi h\u00e4tte ihn zun\u00e4chst nur in den Wald gef\u00fchrt.\u00a0Erst Piraten, die am Waldesrand mit Gro\u00dfplakat gegen Bosbachs Anwesenheit demonstrierten, verrieten ihm dann den Weg zum G\u00e4rtnereieingang. Das mit den Piraten hat er vor Ort im Gew\u00e4chshaus aber leider nicht erz\u00e4hlt. Das mit dem Navi und dem Wald dagegen schon. W\u00e4re doch aber ein richtiger Gag gewesen: Piraten weisen dem verirrten Bosbach den rechten Weg. Ist fast schon was f\u00fcr den n\u00e4chsten rheinischen Karneval.<\/p>\n<p>&nbsp;<\/p>\n<p>&nbsp;<\/p>\n<p>&nbsp;<\/p>\n<p>&nbsp;<\/p>\n<p>&nbsp;<\/p>\n<p>&nbsp;<\/p>\n","protected":false},"excerpt":{"rendered":"<p>Diese Woche habe ich mir mal den Vorsitzenden des Innenausschusses im Bundestag, Wolfgang Bosbach (CDU) angeh\u00f6rt. Er sprach vor rund 250 CDU- Anh\u00e4ngern hinter den leeren Eimern (Foto) \u00a0in einem Gartenzentrum meiner Region. Denn er wollte nicht im Freien und nicht in einem Saal reden, erfuhr das Publikum. Und so sei man auf die Idee [&hellip;]<\/p>\n","protected":false},"author":3,"featured_media":0,"comment_status":"open","ping_status":"open","sticky":false,"template":"","format":"standard","meta":{"footnotes":""},"categories":[1],"tags":[96,103,4],"class_list":["post-3775","post","type-post","status-publish","format-standard","hentry","category-allgemein","tag-bosbach","tag-cdu","tag-piraten"],"_links":{"self":[{"href":"https:\/\/www.tauss-gezwitscher.de\/index.php?rest_route=\/wp\/v2\/posts\/3775","targetHints":{"allow":["GET"]}}],"collection":[{"href":"https:\/\/www.tauss-gezwitscher.de\/index.php?rest_route=\/wp\/v2\/posts"}],"about":[{"href":"https:\/\/www.tauss-gezwitscher.de\/index.php?rest_route=\/wp\/v2\/types\/post"}],"author":[{"embeddable":true,"href":"https:\/\/www.tauss-gezwitscher.de\/index.php?rest_route=\/wp\/v2\/users\/3"}],"replies":[{"embeddable":true,"href":"https:\/\/www.tauss-gezwitscher.de\/index.php?rest_route=%2Fwp%2Fv2%2Fcomments&post=3775"}],"version-history":[{"count":10,"href":"https:\/\/www.tauss-gezwitscher.de\/index.php?rest_route=\/wp\/v2\/posts\/3775\/revisions"}],"predecessor-version":[{"id":3781,"href":"https:\/\/www.tauss-gezwitscher.de\/index.php?rest_route=\/wp\/v2\/posts\/3775\/revisions\/3781"}],"wp:attachment":[{"href":"https:\/\/www.tauss-gezwitscher.de\/index.php?rest_route=%2Fwp%2Fv2%2Fmedia&parent=3775"}],"wp:term":[{"taxonomy":"category","embeddable":true,"href":"https:\/\/www.tauss-gezwitscher.de\/index.php?rest_route=%2Fwp%2Fv2%2Fcategories&post=3775"},{"taxonomy":"post_tag","embeddable":true,"href":"https:\/\/www.tauss-gezwitscher.de\/index.php?rest_route=%2Fwp%2Fv2%2Ftags&post=3775"}],"curies":[{"name":"wp","href":"https:\/\/api.w.org\/{rel}","templated":true}]}}