{"id":3748,"date":"2013-05-31T00:20:54","date_gmt":"2013-05-30T22:20:54","guid":{"rendered":"http:\/\/www.tauss-gezwitscher.de\/?p=3748"},"modified":"2013-06-01T19:59:46","modified_gmt":"2013-06-01T17:59:46","slug":"soziale-ausgrenzung-bei-piraten","status":"publish","type":"post","link":"https:\/\/www.tauss-gezwitscher.de\/?p=3748","title":{"rendered":"Soziale Ausgrenzung bei &#8222;Piraten&#8220;"},"content":{"rendered":"<p>Der Vorsitzende der <em>Jungen Piraten<\/em> <a href=\"https:\/\/wiki.junge-piraten.de\/wiki\/Benutzer:Branleb\">(Florian Zumkeller- Quast)<\/a> ereifert sich zur Zeit besonders engagiert zum Thema Tauss und verteilt Ratschl\u00e4ge zu meiner Person:<\/p>\n<blockquote><p><em>\u00a0&#8230; Wir m\u00fcssen solche Menschen sozial ausgrenzen &#8230;.<\/em><\/p><\/blockquote>\n<p>Starke Worte. Die Geisteshaltung d\u00fcrfte wohl nicht sonderlich piratig sein. Meinen mehrfachen Wunsch um Mitteilung, wie sich der junge Pirat die soziale Ausgrenzung von Menschen im demokratischen Rechtsstaat denn so vorstellt, hat er mir leider auch auf mehrfache Anfrage (noch) nicht beantwortet. \u00dcbrigens auch keiner seiner Freunde, die mit \u00e4hnlich originellen Vorschl\u00e4gen aufwarten. &#8222;Gelernt&#8220; haben das einige der hoffnungsvollen Nachwuchsleute, die ich gerne als <em>Ministalinisten<\/em> bezeichne, beim Berliner Fraktionsvorsitzenden <em>Lauer<\/em>, der schon mal mit solchen Spr\u00fcchen auffiel<\/p>\n<blockquote><p><em>und dann so ne Podiumsdiskussion, wo Leute wie J\u00f6rg Tauss im Publikum sitzen\u2026 Ich kann auf Veranstaltungen, die Menschen wie J\u00f6rg Tauss unkommentiert ..\u00e4h\u2026 da lassen, also dass man diesen Mann nicht entfernt\u2026<\/em> (der ganze Text <a href=\"https:\/\/www.tauss-gezwitscher.de\/?p=3494\">HIER)<\/a><\/p><\/blockquote>\n<div>Zur Zeit sorgt er sich mit seinen Freunden allerdings noch mehr um die Zeit, in der ich wieder Mitglied der Piratenpartei bin oder sein k\u00f6nnte.\u00a0So schrieb das gro\u00dfe Politiknachwuchstalent Florian &#8218;branleb&#8216; Zumkeller-Quast, auch zur Kenntnis an hunderte Mitglieder der Piratenpartei:<\/div>\n<blockquote><p><em>Eine Mitgliedschaft von J\u00f6rg Tauss ist nicht alternativlos. Sie\u00a0ist untragbar. Und der Vorstand, der J\u00f6rg Tauss aufnimmt, kann sich\u00a0darauf gefasst machen, dass ich s\u00e4mtliche mir zur Verf\u00fcgung\u00a0stehenden Wege gehen werde, sie a) aus dem Amt und b) aus der\u00a0Partei werfen zu lassen. Nimm es als Kampfansage, aber es reicht.<\/em><\/p><\/blockquote>\n<p>Noch st\u00e4rkere Worte. Damit meint er laut twitter <em>&#8222;die Amtsenthebung und Parteiausschlussverfahren gegen den aufnehmenden Vorstand.&#8220;<\/em> Deutlicher kann man nicht mehr werden, wie sehr man demokratische Entscheidungen und Satzung der Piraten zu missachten bereit ist.<\/p>\n<p>Der Vorsitzende der Jungen Piraten sollte aber bei sich anfangen. Denn man hat mich bereits vor Jahren gerne als zahlendes F\u00f6rdermitglied Nummer 497 aufgenommen. Zitat nach Eingang des letzten Beitrags f\u00fcr das aktuelle Jahr 2013:<\/p>\n<blockquote><p><em>\u00a0Hallo J\u00f6rg,\u00a0dein Mitgliedsbeitrag f\u00fcr die Jungen Piraten ist auf unserem Konto eingegangen.\u00a0Deshalb bedanke ich mich an dieser Stelle bei dir, dass du die Jungen Piraten unterst\u00fctzt\u00a0und uns durch deinen Beitrag erm\u00f6glichst unseren Betrieb aufrecht zu erhalten.<\/em><\/p>\n<p><em>Viele Gr\u00fc\u00dfe,\u00a0Deine Jungen Piraten \/\u00a0Diese Mail wurde f\u00fcr das Mitglied #497 der Jungen Piraten erstellt.<\/em><\/p><\/blockquote>\n<p>PS: Ich hatte mich bei den Jungen Piraten als zahlendes F\u00f6rdermitglied \u00fcbrigens nicht aufgedr\u00e4ngt, sondern wurde von ihnen geworben. Aber was Kampfansagen anlangt: Ich nehme sie gerne an. Vor allem von Leuten wie Florian Z-Q, die bei den Piraten und in der Politik nichts verloren haben.<\/p>\n<p>&nbsp;<\/p>\n<p>&#8212;<\/p>\n<p>&nbsp;<\/p>\n<div><\/div>\n","protected":false},"excerpt":{"rendered":"<p>Der Vorsitzende der Jungen Piraten (Florian Zumkeller- Quast) ereifert sich zur Zeit besonders engagiert zum Thema Tauss und verteilt Ratschl\u00e4ge zu meiner Person: \u00a0&#8230; Wir m\u00fcssen solche Menschen sozial ausgrenzen &#8230;. Starke Worte. Die Geisteshaltung d\u00fcrfte wohl nicht sonderlich piratig sein. Meinen mehrfachen Wunsch um Mitteilung, wie sich der junge Pirat die soziale Ausgrenzung von [&hellip;]<\/p>\n","protected":false},"author":3,"featured_media":0,"comment_status":"open","ping_status":"open","sticky":false,"template":"","format":"standard","meta":{"footnotes":""},"categories":[1],"tags":[4],"class_list":["post-3748","post","type-post","status-publish","format-standard","hentry","category-allgemein","tag-piraten"],"_links":{"self":[{"href":"https:\/\/www.tauss-gezwitscher.de\/index.php?rest_route=\/wp\/v2\/posts\/3748","targetHints":{"allow":["GET"]}}],"collection":[{"href":"https:\/\/www.tauss-gezwitscher.de\/index.php?rest_route=\/wp\/v2\/posts"}],"about":[{"href":"https:\/\/www.tauss-gezwitscher.de\/index.php?rest_route=\/wp\/v2\/types\/post"}],"author":[{"embeddable":true,"href":"https:\/\/www.tauss-gezwitscher.de\/index.php?rest_route=\/wp\/v2\/users\/3"}],"replies":[{"embeddable":true,"href":"https:\/\/www.tauss-gezwitscher.de\/index.php?rest_route=%2Fwp%2Fv2%2Fcomments&post=3748"}],"version-history":[{"count":17,"href":"https:\/\/www.tauss-gezwitscher.de\/index.php?rest_route=\/wp\/v2\/posts\/3748\/revisions"}],"predecessor-version":[{"id":3763,"href":"https:\/\/www.tauss-gezwitscher.de\/index.php?rest_route=\/wp\/v2\/posts\/3748\/revisions\/3763"}],"wp:attachment":[{"href":"https:\/\/www.tauss-gezwitscher.de\/index.php?rest_route=%2Fwp%2Fv2%2Fmedia&parent=3748"}],"wp:term":[{"taxonomy":"category","embeddable":true,"href":"https:\/\/www.tauss-gezwitscher.de\/index.php?rest_route=%2Fwp%2Fv2%2Fcategories&post=3748"},{"taxonomy":"post_tag","embeddable":true,"href":"https:\/\/www.tauss-gezwitscher.de\/index.php?rest_route=%2Fwp%2Fv2%2Ftags&post=3748"}],"curies":[{"name":"wp","href":"https:\/\/api.w.org\/{rel}","templated":true}]}}