{"id":3711,"date":"2013-02-22T11:23:45","date_gmt":"2013-02-22T10:23:45","guid":{"rendered":"http:\/\/www.tauss-gezwitscher.de\/?p=3711"},"modified":"2013-02-25T17:49:45","modified_gmt":"2013-02-25T16:49:45","slug":"ominoses-um-pallasch","status":"publish","type":"post","link":"https:\/\/www.tauss-gezwitscher.de\/?p=3711","title":{"rendered":"Omin\u00f6ses um Pallasch"},"content":{"rendered":"<p>Der Landesvorsitzende der Piraten Baden-W\u00fcrttemberg, Lars Pallasch, ist am Mittwoch von seinem Amt zur\u00fcckgetreten. Gleichzeitig verlie\u00df er die Partei.<a href=\"   http:\/\/larspallasch.de\/\"> In einem Blogbeitrag nahm er dazu ausf\u00fchrlich Stellung<\/a>. Pallasch machte f\u00fcr seinen Schritt anonyme Drohungen verantwortlich:<\/p>\n<blockquote><p><em>\u201eGegen meine Frau und gegen meine beiden S\u00f6hne (7 Monate, 4 Jahre alt) \u2013 hier ist der Spa\u00df endg\u00fcltig vorbei!\u201c<\/em><\/p><\/blockquote>\n<p>Die T\u00e4ter, so seine Vermutung, m\u00fcssten aus Kreisen seiner fr\u00fcheren Partei gekommen sein. Er werde deshalb <em>\u201ediese Personen mit allen mir zur Verf\u00fcgung stehenden Mitteln zur Rechenschaft ziehen (lassen)\u201c.<\/em><\/p>\n<p>Die Piraten Baden-W\u00fcrttemberg schoben in einem eigenen Beitrag nach. Auch sie verurteilten die<em> \u201eGewaltandrohungen gegen die Familie\u201c.\u00a0<\/em><\/p>\n<p><a href=\"http:\/\/piratenpartei-bw.de\/2013\/02\/20\/rucktritt-des-landesvorsitzenden-lars-pallasch\/\">http:\/\/piratenpartei-bw.de\/2013\/02\/20\/rucktritt-des-landesvorsitzenden-lars-pallasch\/<\/a><\/p>\n<p>Als Konsequenz aus den Vorg\u00e4ngen will die Landespartei \u201er\u00fcde St\u00f6rer\u201c k\u00fcnftig aus der Partei \u201erauswerfen\u201c. Wer immer das dann ist.\u00a0Allerdings gab es bislang keine Versuche, die \u201er\u00fcden St\u00f6rer\u201c in diesem Falle herauszufinden. Dies ist um so erstaunlicher, als der Piraten-Landesvorstand Baden-W\u00fcrttemberg interne Mails schon bei allt\u00e4glichen Meinungs\u00e4u\u00dferungen in ministalinistischer Manier auf Kritiker durchforstet und diesen dann Schreibverbote erteilt.<\/p>\n<p>Noch merkw\u00fcrdiger ist, dass Pallasch ihm zugegangene pers\u00f6nliche Mails immer wieder auf twittter ver\u00f6ffentlichte, sobald sie nur einen minimalen Ansatz an Kritik gegen\u00fcber ihm oder den Piraten beinhalteten. Nicht aber jetzt in einem Fall, in diesem Fall, wo es buchst\u00e4blich um seine politische Existenz und um das Wohl seiner Familie ging.<\/p>\n<p>Bei Anfragen hierzu verwies er auf die Pressestelle der Piraten Baden-W\u00fcrttemberg. H\u00f6chst ungew\u00f6hnlich- f\u00fcr jemand der gerade aus eben dieser Partei mit Knall ausgetreten ist. \u00a0Und so blieben diese Fragen bislang unbeantwortet:<\/p>\n<blockquote><p><em>Wie viele solcher Drohungen gab es wann, woraus ergibt \u00a0sich die Vermutung, dass der oder die Absender aus dem Umfeld der Piratenpartei kommen und bei welcher Beh\u00f6rde wurde Anzeige (gegen Unbekannt ?) erstattet? Warum wurden diese Vorg\u00e4nge bis zum R\u00fccktritt und Austritt nicht kommuniziert, nachdem ansonsten belanglosere Mails Dritter, z.B. via twitter, verbreitet wurden?<\/em><\/p><\/blockquote>\n<p>Keine Antwort. Vielmehr kam der erneute Verweis auf das Blog:<\/p>\n<blockquote><p><em>Die entsprechenden Mails und Briefe liegen bei den Ermittlungsbeh\u00f6rden und sollte(n) die besagte(n) Person(en) ermittelt werden k\u00f6nnen, so kann\/k\u00f6nnen sich diese schon jetzt auf einiges gefasst machen.<\/em><\/p><\/blockquote>\n<p>Nachdem Pallasch sich \u201eauf anwaltlichen Rat\u201c aber sogar weigert, mitzuteilen, wo er Anzeige erstattet hat, hakte ich bei Polizei und Staatsanwaltschaft seines zust\u00e4ndigen Wohnortes nach. Dort wurde mitgeteilt, dass nichts vorliegt. Erstaunlich. Denn gerade bei Drohungen gegen Kinder w\u00e4re mein erster Gang zu deren Schutz nicht zur Piratenpartei, nicht zu den Medien und nicht an den PC, um zu bloggen, sondern zur \u00f6rtlichen Polizei gewesen. Dazu heute\u00a0Vormittag auf Befragen der Erste Staatsanwalt der Staatsanwaltschaft Baden-Baden:<\/p>\n<blockquote><p><em>Sehr geehrter Herr Tauss,\u00a0<\/em><\/p>\n<p><em>auf Ihre Anfrage teile ich mit, dass bislang weder bei der Staatsanwaltschaft Baden-Baden noch bei einer Polizeidienststelle der Polizeidirektion Rastatt\/Baden-Baden eine Strafanzeige von Herrn Pallasch wegen Bedrohung\/N\u00f6tigung o.\u00e4. eingegangen ist.<\/em><\/p>\n<p><em>Mit freundlichen Gr\u00fc\u00dfen\u00a0Staatsanwaltschaft Baden-Baden<\/em><\/p><\/blockquote>\n<p>Der Fall Pallasch wird langsam omin\u00f6s. Dessen ungeachtet erhielt ich nun meinerseits Dohungen:<\/p>\n<blockquote><p><em>\u201eSollte mich noch eine weitere Mail von Ihnen erreichen, so werde ich meinen Anwalt anweisen, eine Unterlassungsklage gegen Sie anzustrengen. Hochachtungsvoll Lars Pallasch.\u00a0<\/em><\/p><\/blockquote>\n<p><span style=\"color: #ff0000;\">Nachtrag 25. 2. 2013:<\/span><\/p>\n<p>Nachdem in Kreisen der bad.-w\u00fcrttembergischen Piraten die Vermutung ge\u00e4u\u00dfert wurde, es ermittle in Sachen Pallasch der &#8222;Staatsschutz&#8220;, habe ich mich nat\u00fcrlich auch an das Landeskriminalamt (LKA) in Stuttgart gewandt. Antwort:<\/p>\n<blockquote><p><em>Bei uns im Hause liegen keine Erkenntnisse \u00fcber den von Ihnen geschilderten Sachverhalt vor<\/em><\/p><\/blockquote>\n<p>&nbsp;<\/p>\n<p>&nbsp;<\/p>\n<p>&nbsp;<\/p>\n","protected":false},"excerpt":{"rendered":"<p>Der Landesvorsitzende der Piraten Baden-W\u00fcrttemberg, Lars Pallasch, ist am Mittwoch von seinem Amt zur\u00fcckgetreten. Gleichzeitig verlie\u00df er die Partei. In einem Blogbeitrag nahm er dazu ausf\u00fchrlich Stellung. Pallasch machte f\u00fcr seinen Schritt anonyme Drohungen verantwortlich: \u201eGegen meine Frau und gegen meine beiden S\u00f6hne (7 Monate, 4 Jahre alt) \u2013 hier ist der Spa\u00df endg\u00fcltig vorbei!\u201c [&hellip;]<\/p>\n","protected":false},"author":3,"featured_media":0,"comment_status":"open","ping_status":"open","sticky":false,"template":"","format":"standard","meta":{"footnotes":""},"categories":[1],"tags":[254,4],"class_list":["post-3711","post","type-post","status-publish","format-standard","hentry","category-allgemein","tag-pallasch","tag-piraten"],"_links":{"self":[{"href":"https:\/\/www.tauss-gezwitscher.de\/index.php?rest_route=\/wp\/v2\/posts\/3711","targetHints":{"allow":["GET"]}}],"collection":[{"href":"https:\/\/www.tauss-gezwitscher.de\/index.php?rest_route=\/wp\/v2\/posts"}],"about":[{"href":"https:\/\/www.tauss-gezwitscher.de\/index.php?rest_route=\/wp\/v2\/types\/post"}],"author":[{"embeddable":true,"href":"https:\/\/www.tauss-gezwitscher.de\/index.php?rest_route=\/wp\/v2\/users\/3"}],"replies":[{"embeddable":true,"href":"https:\/\/www.tauss-gezwitscher.de\/index.php?rest_route=%2Fwp%2Fv2%2Fcomments&post=3711"}],"version-history":[{"count":9,"href":"https:\/\/www.tauss-gezwitscher.de\/index.php?rest_route=\/wp\/v2\/posts\/3711\/revisions"}],"predecessor-version":[{"id":3719,"href":"https:\/\/www.tauss-gezwitscher.de\/index.php?rest_route=\/wp\/v2\/posts\/3711\/revisions\/3719"}],"wp:attachment":[{"href":"https:\/\/www.tauss-gezwitscher.de\/index.php?rest_route=%2Fwp%2Fv2%2Fmedia&parent=3711"}],"wp:term":[{"taxonomy":"category","embeddable":true,"href":"https:\/\/www.tauss-gezwitscher.de\/index.php?rest_route=%2Fwp%2Fv2%2Fcategories&post=3711"},{"taxonomy":"post_tag","embeddable":true,"href":"https:\/\/www.tauss-gezwitscher.de\/index.php?rest_route=%2Fwp%2Fv2%2Ftags&post=3711"}],"curies":[{"name":"wp","href":"https:\/\/api.w.org\/{rel}","templated":true}]}}