{"id":3561,"date":"2012-12-21T09:15:52","date_gmt":"2012-12-21T08:15:52","guid":{"rendered":"http:\/\/www.tauss-gezwitscher.de\/?p=3561"},"modified":"2012-12-21T09:24:47","modified_gmt":"2012-12-21T08:24:47","slug":"klarnamen","status":"publish","type":"post","link":"https:\/\/www.tauss-gezwitscher.de\/?p=3561","title":{"rendered":"Klarnamen"},"content":{"rendered":"<p>Der vielseitige <em>Klaus Peukert<\/em>, Mitglied des Piraten Bundesvorstands, Tugendw\u00e4chter, Mobber, Gegner \u201ej\u00fcdischer Nasen\u201c und Repr\u00e4sentant der \u201edatenschutzkritischen\u201c Spackeria innerhalb der Piratenpartei, hat Facebook &#8211; Aktivit\u00e4ten des schleswig-holsteinischen Datenschutzbeauftragten Thilo Weichert aufs Korn genommen.<\/p>\n<p><a href=\"http:\/\/www.tarzun.de\/archives\/531-Datenschutztheater,-Dezembervorstellung.html#content\">http:\/\/www.tarzun.de\/archives\/531-Datenschutztheater,-Dezembervorstellung.html#content<\/a><\/p>\n<p>@Tarzun kritisiert im Wesentlichen (und nat\u00fcrlich ausnahmsweise nicht zu Unrecht), dass sich der deutsche Datenschutz vor allem um ein kalifornisches Unternehmen k\u00fcmmere, statt sich der Klarnamensdebatte insgesamt zu stellen. Diese Kritik habe ich mit der Bitte um Stellungnahme an Thilo Weichert weiter gegeben. Sie erfolgte prompt:<\/p>\n<blockquote><p><em>\u00a0Lieber J\u00f6rg Tauss,<\/em><\/p>\n<p><em>\u00a0auf Deine Mail kann ich Dir Folgendes antworten: Dem ULD ist bekannt, dass viele Unternehmen, auch mit Sitz in Deutschland, die Telemedien anbieten, Klarnamen verlangen. Beschwerden hierzu, insbesondere solche, bei denen der Wohnsitz der Beschwerdef\u00fchrerIn in Schleswig-Holstein ist, liegen uns nur zu Facebook vor. Von den Beschwerdef\u00fchrenden wurde uns mitgeteilt, dass wegen einer pseudonymen Meldung die Konten geschlossen wurden. Derartig weitgehende Ma\u00dfnahmen sind mir von anderen Unternehmen, selbst vom globalen Konkurrenten Google+, nicht bekannt. Facebook hat sich dem ULD gegen\u00fcber zur Schlie\u00dfung derartiger Konten bekannt und behauptet, \u00a7 13 Abs. 6 TMG sei europarechtswidrig und f\u00fcr das Unternehmen nicht anwendbar. Entsprechende Positionen sind mir von anderen Unternehmen nicht bekannt.<\/em><\/p>\n<p><em>Ich gestehe dem Autor Klaus Peukert zu, dass es im Internet mehr Datenschutzverst\u00f6\u00dfe mit ULD-Zust\u00e4ndigkeit gibt, als wir im ULD aufgreifen k\u00f6nnen. Wir w\u00fcrden gerne mehr tun. Hierf\u00fcr werden uns aber leider von der Politik nicht die n\u00f6tigen Ressourcen bereitgestellt. Deshalb m\u00fcssen wir im Rahmen unserer Opportunit\u00e4tserw\u00e4gungen eine &#8211; f\u00fcr den Datenschutz m\u00f6glichst wirkungsvolle &#8211; Auswahl vornehmen.<\/em><\/p>\n<p><em>Ich habe nichts dagegen, wenn Du diese meine Position dem Autor Klaus Peukert mitteilst oder auch diese Stellungnahme selbst verbreitest.<\/em><\/p>\n<p><em>Gru\u00df\u00a0mit W\u00fcnschen f\u00fcr ein frohes Weihnachtsfest und ein gesundes und gl\u00fcckliches Jahr 2013<\/em><\/p>\n<p><em>Thilo Weichert<\/em><\/p><\/blockquote>\n<p><strong><em>Anmerkung:<\/em><\/strong> Die Schlie\u00dfung von &#8222;Konten&#8220; bei Google+ ist schon deshalb nicht m\u00f6glich, weil man dort ohne Klarnamen von vorn herein keinen Account bekommt&#8230;. Dies ist auch einer der Gr\u00fcnde, weshalb ich die zahlreichen \u201eEinladungen\u201c zu diesem Verein <strong><em>nicht<\/em><\/strong> angenommen habe. Dessen ungeachtet habe ich meinen facebook Account aufgegeben, nachdem man von mir dort, ohne Beantwortung von entsprechenden R\u00fcckfragen zu den Gr\u00fcnden, eine Kopie meines Personalausweises \u00fcbermittelt haben wollte. Eine Ausweispflicht gegen\u00fcber us-amerikanischen Unternehmen lehne ich aber sehr entschieden ab.<\/p>\n<p><strong><em>Anmerkung 2:<\/em><\/strong> Zur Klarnamensdebatte insgesamt erhielt ich nun auch noch die erg\u00e4nzende Stellungnahme Weicherts, die ich gleichfalls im Wortlaut zitiere:<\/p>\n<blockquote><p><em>Lieber J\u00f6rg Tauss,<\/em><\/p>\n<p><em>in meiner soeben versandten Mail hatte ich es unterlassen, auf Deine zweite Frage zu antworten: Die Klarnamendebatte in der deutschen Politik verfolgen wir hier im ULD mit gro\u00dfer Sorge. Dabei kommt oft eine massive Unkenntnis von politisch Verantwortlichen zum Ausdruck. Das ULD hat sich in diese insbesondere auf Bundesebene gef\u00fchrte Debatte bisher nicht aktiv eingeschaltet. Die verfassungsrechtliche Situation sollte sp\u00e4testens seit der Spick-mich-Entscheidung des BGH eigentlich glasklar sein. Unser Angriff auf die Klarnamenpflicht von Facebook kann als unser Beitrag zu dieser Debatte verstanden werden.<\/em><\/p>\n<p><em>Gru\u00df<\/em><br \/>\n<em>Thilo Weichert<\/em><\/p><\/blockquote>\n<p>&nbsp;<\/p>\n","protected":false},"excerpt":{"rendered":"<p>Der vielseitige Klaus Peukert, Mitglied des Piraten Bundesvorstands, Tugendw\u00e4chter, Mobber, Gegner \u201ej\u00fcdischer Nasen\u201c und Repr\u00e4sentant der \u201edatenschutzkritischen\u201c Spackeria innerhalb der Piratenpartei, hat Facebook &#8211; Aktivit\u00e4ten des schleswig-holsteinischen Datenschutzbeauftragten Thilo Weichert aufs Korn genommen. http:\/\/www.tarzun.de\/archives\/531-Datenschutztheater,-Dezembervorstellung.html#content @Tarzun kritisiert im Wesentlichen (und nat\u00fcrlich ausnahmsweise nicht zu Unrecht), dass sich der deutsche Datenschutz vor allem um ein kalifornisches Unternehmen [&hellip;]<\/p>\n","protected":false},"author":3,"featured_media":0,"comment_status":"open","ping_status":"open","sticky":false,"template":"","format":"standard","meta":{"footnotes":""},"categories":[1],"tags":[53,246],"class_list":["post-3561","post","type-post","status-publish","format-standard","hentry","category-allgemein","tag-datenschutz","tag-facebook"],"_links":{"self":[{"href":"https:\/\/www.tauss-gezwitscher.de\/index.php?rest_route=\/wp\/v2\/posts\/3561","targetHints":{"allow":["GET"]}}],"collection":[{"href":"https:\/\/www.tauss-gezwitscher.de\/index.php?rest_route=\/wp\/v2\/posts"}],"about":[{"href":"https:\/\/www.tauss-gezwitscher.de\/index.php?rest_route=\/wp\/v2\/types\/post"}],"author":[{"embeddable":true,"href":"https:\/\/www.tauss-gezwitscher.de\/index.php?rest_route=\/wp\/v2\/users\/3"}],"replies":[{"embeddable":true,"href":"https:\/\/www.tauss-gezwitscher.de\/index.php?rest_route=%2Fwp%2Fv2%2Fcomments&post=3561"}],"version-history":[{"count":7,"href":"https:\/\/www.tauss-gezwitscher.de\/index.php?rest_route=\/wp\/v2\/posts\/3561\/revisions"}],"predecessor-version":[{"id":3568,"href":"https:\/\/www.tauss-gezwitscher.de\/index.php?rest_route=\/wp\/v2\/posts\/3561\/revisions\/3568"}],"wp:attachment":[{"href":"https:\/\/www.tauss-gezwitscher.de\/index.php?rest_route=%2Fwp%2Fv2%2Fmedia&parent=3561"}],"wp:term":[{"taxonomy":"category","embeddable":true,"href":"https:\/\/www.tauss-gezwitscher.de\/index.php?rest_route=%2Fwp%2Fv2%2Fcategories&post=3561"},{"taxonomy":"post_tag","embeddable":true,"href":"https:\/\/www.tauss-gezwitscher.de\/index.php?rest_route=%2Fwp%2Fv2%2Ftags&post=3561"}],"curies":[{"name":"wp","href":"https:\/\/api.w.org\/{rel}","templated":true}]}}