{"id":3526,"date":"2012-10-21T14:14:29","date_gmt":"2012-10-21T12:14:29","guid":{"rendered":"http:\/\/www.tauss-gezwitscher.de\/?p=3526"},"modified":"2012-10-21T14:59:19","modified_gmt":"2012-10-21T12:59:19","slug":"kein-bit-ist-illegal-ein-replik-auf-zensurbach","status":"publish","type":"post","link":"https:\/\/www.tauss-gezwitscher.de\/?p=3526","title":{"rendered":"Kein BIT ist illegal. Eine Replik auf Zensurbach"},"content":{"rendered":"<p>Ja. Ich bin gegen Nazis. Dabei ist es mir auch egal, ob es sich um glatzk\u00f6pfige gewaltt\u00e4tige Hohlbirnen oder um deren Unterst\u00fctzerszene in Kriminal- und Verfassungsschutz\u00e4mtern handelt. Letzere ist f\u00fcr unsere Demokratie vermutlich noch gef\u00e4hrlicher, wie der NSU-Skandal t\u00e4glich neu beweist. Gegen diese Bedrohung muss und darf demonstriert werden. Intoleranz, Rassismus und feiger Gewalt darf auch mit Blockaden auf der Stra\u00dfe entgegengetreten werden. Zivilgesellschaftliche Gegenwehr gegen Nazis ist notwendiger denn je. So weit so einig.<\/p>\n<p><strong>Widerstand gegen Nazis hat dort zu enden, wo dieser Widerstand Freiheit bedroht<\/strong><\/p>\n<p>Nazis zu outen, wo sie im Dunklen operieren, offen auftreten und Gesch\u00e4fte betreiben und selbst Polizisten gern gesehene Kunden sind. Ja, bitte! Rechtsradikale Kundendateien\u00a0 hacken?\u00a0 Gerne. Auch das waren schon pfiffige Aktionen, zum Beispiel von Hackern aus dem CCC-Umfeld. Alles richtig.<\/p>\n<p>Aber der Widerstand gegen Nazis hat dort zu enden, wo dieser Widerstand selbst die Freiheit bedroht. Wo der gesellschaftliche Widerstand gegen Nazis durch private oder staatliche Eingriffe in die Freiheit des Netzes erg\u00e4nzt oder gar ersetzt werden soll, muss die Gemeinsamkeit mit diesen Gegnern freier globaler Kommunikation enden. Zu ihnen z\u00e4hlt seit neuestem der Angestellte der Berliner Piratenfraktion,<a href=\"http:\/\/www.sueddeutsche.de\/digital\/meinungsfreiheit-im-internet-ich-moechte-dass-alle-plattformen-nazi-propaganda-loeschen-1.1501232\"> Stephan Urbach. In einem Beitrag in der S\u00fcddeutschen<\/a> fordert der selbst ernannte Internetaktivist allen Ernstes, <em>\u201ealle Plattformen mit Nazi-Propaganda zu l\u00f6schen\u201c.<\/em> Selbst dann, wenn es\u00a0 in anderen Staaten noch nicht einmal eine Rechtsgrundlage daf\u00fcr gibt. Nur mal so.<\/p>\n<p>Man reibt sich verwundert die Augen. Ist das nicht jener Urbach, der in \u00c4gypten und Syrien mal f\u00fcr die Freiheit des Netzes gek\u00e4mpft hat? Saudi-Arabiens Potentaten d\u00fcrfte er mit seiner Forderung nach Begrenzung der Meinungsfreiheit jedenfalls schon einmal an seiner Seite haben. Der islamistische W\u00fcstenstaat <em>h\u00e4lt eine st\u00e4rkere internationale Kooperation f\u00fcr \u201czwingend erforderlich\u201d, um das Problem der Meinungsfreiheit im Internet anzugehen<\/em>, schreibt Stefan Krempl bei Telepolis. Dabei m\u00fcsse es vor allem um F\u00e4lle gehen, die \u201c<em>klar die \u00f6ffentliche Ordnung missachten\u201d,<\/em> fordern die Saudis in einem Kommentar zu einem <a href=\"http:\/\/www.itu.int\/en\/wtpf-13\/Pages\/report-sg.aspx\">Entwurf<\/a> f\u00fcr ein Grundlagenpapier des Generalsekretariats der Internationalen Fernmeldeunion ITU f\u00fcr eine netzpolitische Konferenz im kommenden Jahr.<\/p>\n<p><strong>Ende freier Kommunikation<\/strong><\/p>\n<p>Der Aufschrei gegen Urbachs lockere Interpretation von Meinungsfreiheit ist daher beachtlich. <a href=\"http:\/\/blog.dieweltistgarnichtso.net\/ein-t-shirt-fur-herr-urbach\">Das T-Shirt <em>&#8222;Zensurbach&#8220;<\/em> ist bereits kreiert.<\/a> Zu Recht. Denn diese Formulierungsn\u00e4he von Diktatoren und tapferen Piraten-Antifas ist so erschreckend wie beachtlich. <em>L\u00f6schen statt sperren<\/em> m\u00fcsse doch auch f\u00fcr Nazis gelten, jammert nun der aufgeschreckte Urbach-Fankreis um den frisch gek\u00fcrten Abgeordneten-\u201eTroll des Jahres\u201c Lauer oder das Piraten-Bundesvorstandsmitglied Peukert angesichts der Gegenreaktionen.<\/p>\n<p>Keiner dieser Leute hat offensichtlich die uralten Debatten um die Freiheit im Internet verfolgt, um heute zu derart haneb\u00fcchenen Forderungen nach globalen (!) Nazi-L\u00f6schungen zu kommen. An Zensurbach und einigen Piraten gingen also offensichtlich viele Jahre (<a href=\"http:\/\/www.hagalil.com\/archiv\/2000\/09\/hump.htm\">Anti-)Nazi-Diskussion im Internet vorbei.<\/a> &#8222;Unsere&#8220; Nazis sind anderswo eben beliebig Terroristen oder schlicht Blogger, die Mohammed \u201ehassen\u201c. Doch kein Bit darf illegal sein. So war es doch mal? Oder?<\/p>\n<p>Die L\u00f6schung von Plattformen mit NATIONAL jeweils beliebig unerw\u00fcnschten Inhalten w\u00e4re jedenfalls das Ende jeglicher freier globaler Kommunikation. Das aber sind unsere Nazis echt nicht wert. Um dieses Ende zu bef\u00f6rdern schwingt man nun aber selbst in der Zensurbachdebatte via twitter wieder die Kinderpornokeule mit dem Begriff vom <em>\u201eL\u00f6schen statt Sperren\u201c.<\/em> Dabei wird schlicht verkannt, dass der dokumentierte Missbrauch von Kindern tats\u00e4chlich international ge\u00e4chtet ist. Und schon deshalb geht Urbachs Nazi .\/. Kinderporno Vergleich v\u00f6llig in die Leere von Absurdistan.<\/p>\n<p>In Deutschland wurden aber schon in den 90igern Zeitschriften und \u00c4u\u00dferungen \u201eim Internet\u201c verboten (siehe die \u201eRadikal\u201c-Aff\u00e4re), die bereits im Nachbarland Niederlande oder in den USA legal waren. Und umgekehrt. Der Nazi-Propagandist Singer konnte jahrelang seine rechtsradikale G\u00fclle via Internet aus Australien verbreiten. Bis er bei Einreise in Deutschland verhaftet und zu seiner Verwunderung verurteilt wurde. Gut so.<\/p>\n<p>Eingriffe gegen ein freies globales Netz wurden schon immer auch mit Naziumtrieben begr\u00fcndet. Siehe die damalige Justizministerin D\u00e4ubler-Gmelin oder die sp\u00e4teren Sperrverf\u00fcgungen des D\u00fcsseldorfer Regierungspr\u00e4sidenten B\u00fcssow. Und 2012 sind es eben die Sch\u00fcnemanns und seine inhaltlich veb\u00fcndeten \u201ePiraten\u201c vom Schlage der Urbachs\/ Peukerts\/ Lauers. Wer h\u00e4tte sich das noch 2009 tr\u00e4umen lassen? Man reibt sich die Augen.<\/p>\n<p>Das Spektrum derer, gegen die man bei einer \u201e<em>Freiheit statt Angst\u201c<\/em> Demo auf die Stra\u00dfe gehen muss, wird offensichtlich immer breiter. Gegen Innenminister vom Schlage der Friedrichs, gegen die EU-\u00dcberwacher um Malmstr\u00f6m. Und nun auch gegen die Pseudopiraten um<em> Zensurbach.<\/em><\/p>\n","protected":false},"excerpt":{"rendered":"<p>Ja. Ich bin gegen Nazis. Dabei ist es mir auch egal, ob es sich um glatzk\u00f6pfige gewaltt\u00e4tige Hohlbirnen oder um deren Unterst\u00fctzerszene in Kriminal- und Verfassungsschutz\u00e4mtern handelt. Letzere ist f\u00fcr unsere Demokratie vermutlich noch gef\u00e4hrlicher, wie der NSU-Skandal t\u00e4glich neu beweist. Gegen diese Bedrohung muss und darf demonstriert werden. Intoleranz, Rassismus und feiger Gewalt darf [&hellip;]<\/p>\n","protected":false},"author":3,"featured_media":0,"comment_status":"open","ping_status":"open","sticky":false,"template":"","format":"standard","meta":{"footnotes":""},"categories":[1],"tags":[],"class_list":["post-3526","post","type-post","status-publish","format-standard","hentry","category-allgemein"],"_links":{"self":[{"href":"https:\/\/www.tauss-gezwitscher.de\/index.php?rest_route=\/wp\/v2\/posts\/3526","targetHints":{"allow":["GET"]}}],"collection":[{"href":"https:\/\/www.tauss-gezwitscher.de\/index.php?rest_route=\/wp\/v2\/posts"}],"about":[{"href":"https:\/\/www.tauss-gezwitscher.de\/index.php?rest_route=\/wp\/v2\/types\/post"}],"author":[{"embeddable":true,"href":"https:\/\/www.tauss-gezwitscher.de\/index.php?rest_route=\/wp\/v2\/users\/3"}],"replies":[{"embeddable":true,"href":"https:\/\/www.tauss-gezwitscher.de\/index.php?rest_route=%2Fwp%2Fv2%2Fcomments&post=3526"}],"version-history":[{"count":9,"href":"https:\/\/www.tauss-gezwitscher.de\/index.php?rest_route=\/wp\/v2\/posts\/3526\/revisions"}],"predecessor-version":[{"id":3535,"href":"https:\/\/www.tauss-gezwitscher.de\/index.php?rest_route=\/wp\/v2\/posts\/3526\/revisions\/3535"}],"wp:attachment":[{"href":"https:\/\/www.tauss-gezwitscher.de\/index.php?rest_route=%2Fwp%2Fv2%2Fmedia&parent=3526"}],"wp:term":[{"taxonomy":"category","embeddable":true,"href":"https:\/\/www.tauss-gezwitscher.de\/index.php?rest_route=%2Fwp%2Fv2%2Fcategories&post=3526"},{"taxonomy":"post_tag","embeddable":true,"href":"https:\/\/www.tauss-gezwitscher.de\/index.php?rest_route=%2Fwp%2Fv2%2Ftags&post=3526"}],"curies":[{"name":"wp","href":"https:\/\/api.w.org\/{rel}","templated":true}]}}