{"id":3494,"date":"2012-10-06T19:30:43","date_gmt":"2012-10-06T17:30:43","guid":{"rendered":"http:\/\/www.tauss-gezwitscher.de\/?p=3494"},"modified":"2012-10-08T07:28:18","modified_gmt":"2012-10-08T05:28:18","slug":"auser-dass-er-vielleicht-nervt","status":"publish","type":"post","link":"https:\/\/www.tauss-gezwitscher.de\/?p=3494","title":{"rendered":"&#8230;Au\u00dfer, dass er vielleicht nervt&#8230;."},"content":{"rendered":"<p><em>Wrint<\/em>, eine Berliner Sammlung kostenloser Podcasts, ver\u00f6ffentlichte in seiner WR Gespr\u00e4chsreihe \u201eWer redet ist nicht tot\u201c als Folge 113 ein Gespr\u00e4ch mit <em>Christopher Lauer<\/em>, einem der beiden Piraten- Fraktionsvorsitzenden\u00a0 im Berliner Abgeordnetenhaus.<\/p>\n<p>Heraus kamen h\u00f6chst aufschlussreiche Aussagen. Dabei ging es unter anderem um die Frage, weshalb Lauer ein beim Politcamp 12 organisiertes Gespr\u00e4ch zum Thema <em>\u201e1 Jahr Piraten im Berliner Abgeordnetenhaus\u201c<\/em> zum Unmut aller Anwesenden im Saal pl\u00f6tzlich verlassen hatte.<\/p>\n<p><em>\u201eIch hatte von vornherein keine Lust zu dieser Podiumsdiskussion\u201c<\/em>, gibt Lauer nun zum Besten. Nanu. Da bekommt man ein gut gef\u00fclltes Forum, um seine Politik zu erkl\u00e4ren, hat dazu aber <em>keine Lust<\/em> und diskreditiert den Veranstalter ebenso wie das pirateninteressierte Publikum? Erstaunlich.\u00a0Insofern sei empfohlen, sich diesen Politiker, als den sich Lauer gerne sieht, mal in voller L\u00e4nge anzuh\u00f6ren.<\/p>\n<p><a href=\"http:\/\/www.wrint.de\/Files\/WR113_Lauers_Buero_jagt_Dr_No.mp3\">http:\/\/www.wrint.de\/Files\/WR113_Lauers_Buero_jagt_Dr_No.mp3<\/a><\/p>\n<p>Hier aber geht es noch um etwas anderes.\u00a0Man stelle sich vor, so etwas k\u00e4me vergleichbar \u00a0aus der CSU des Herrn Uhl oder es h\u00e4tte einen homophoben Hintergrund, weil jemand eben ein<em> \u201eschlimmer Mensch sei\u201c.<\/em> Oder ein anderer Mensch wird ohne Begr\u00fcndung des Saales, beispielsweise der Veranstaltung einer etablierten Partei, verwiesen, <em>\u201eweil er halt gest\u00f6rt\u201c<\/em> w\u00e4re. Oder weil er schlicht ein schlechter Mensch sei, w\u00fcrde er <em>\u201eentfernt\u201c<\/em>. Einfach so. Eben begr\u00fcndungslos.<\/p>\n<p>Der Aufschrei von Piraten w\u00e4re zu Recht beachtlich. Man erwartete volle Transparenz der Vorg\u00e4nge. Laut erschallten die Rufe <em>\u201eZensur\u201c<\/em> und <em>\u201eDiskriminierung\u201c, &#8222;R\u00fccktritt&#8220; etc.\u00a0<\/em><\/p>\n<p>Oder vielleicht auch nicht? Die begr\u00fcndungslose Ausgrenzung und &#8222;Verbannung&#8220; unbequemer Personen ist zumindest f\u00fcr Lauer, wie auch f\u00fcr andere Berliner Piraten, offensichtlich kein Problem. Wer es nicht h\u00f6ren mag (siehe Link oben) kann hier auch nachlesen:<\/p>\n<p><strong>\u00a0&#8230;vielleicht sollte man nicht so viel \u00fcber gest\u00f6rte Menschen reden&#8230;.\u00a0<\/strong><\/p>\n<blockquote><p><em><strong>\u00a0WR: .<\/strong>..Das mit der Podiumsdiskussion fand ich ja ganz interessant. Weil der Ausschnitt \u00a0<\/em><a href=\"http:\/\/www.youtube.com\/watch?v=p3DbXgxAsi4\">(Anmerkung: Lauers Abgang auf Youtube)\u00a0<\/a><em>einfach zu klein war. Was ist da passiert?\u00a0<\/em><\/p>\n<p><em><strong>Lauer:<\/strong> Ich hatte keine Lust auf diese Podiumsdiskussion. Von vornherein. Das ist mir aber dummerweise erst aufgefallen auf dem Weg dorthin&#8230;..<\/em><\/p>\n<p><em><strong>WR:<\/strong>&#8230; ja hast Du sie nicht alle? H\u00e4ttest es doch machen k\u00f6nnen wie der Sascha Lobo (Anmerkung: Der bei einem ZDF-Termin mit Peter Hahne nicht erschienen und f\u00fcr den deshalb Lauer mal eingesprungen war). W\u00e4rst Du doch nicht hingegangen&#8230;.<\/em><\/p>\n<p><em><strong>Lauer:<\/strong> Ja, h\u00e4tte ich machen sollen. Ich h\u00e4tte Peter Hahne geschickt. der das bestimmt gerne gemacht h\u00e4tte&#8230; Herr Hahne &#8230;. Das war also der erste Fehler. Dann ist der Moderator dieser Podiumsdiskussion kurzfristig abgesprungen. Und dann dachte ich, warum sitzen hier eigentlich zwei Fraktionsvorsitzende der Piraten im Berliner Abgeordnetenhaus und irgend so ein Heini von der SPD und irgend so ein Heini von der CDU? Warum bin ich hier, eigentlich? Als dann der Heini von der SPD anfing, Scheisse zu erz\u00e4hlen, bin ich halt einfach aufgestanden und gegangen. Ich war halt w\u00fctend&#8230;Das ist auch das, was ich zu SPON dazu gesagt hatte. Ich muss mir diesen Scheiss nicht geben&#8230;<\/em><\/p>\n<p>(Schnitt:\u00a0 Es folgen im Gespr\u00e4ch nun ein paar weitere Erl\u00e4uterungen, u. a., dass die SPD keine gemeinsame Aktion zum Wahlalter 16 mitmache. Richtig spannend wird es dann wieder anschlie\u00dfend am Beispiel meiner Person:)<\/p>\n<p><em><strong>Lauer:<\/strong> &#8230; und dann so ne Podiumsdiskussion, wo Leute wie J\u00f6rg Tauss im Publikum sitzen&#8230; Ich kann auf Veranstaltungen, die Menschen wie J\u00f6rg Tauss unkommentiert ..\u00e4h&#8230; da lassen, also dass man diesen Mann nicht entfernt&#8230;<\/em><\/p>\n<p><em><strong>WR<\/strong>:&#8230; Was ist denn das Problem mit dem?<\/em><\/p>\n<p><em><strong>Lauer:<\/strong>&#8230; der&#8230; der.. der&#8230;.<\/em><\/p>\n<p><em><strong>WR<\/strong>: Au\u00dfer, dass er vielleicht nervt?.. <\/em>(Anmerkung Tauss: Danke \ud83d\ude42<\/p>\n<p><em><strong>Lauer:<\/strong> Ja, ja, gut. Das ist halt jetzt mehr so ne pers\u00f6nliche&#8230; \u00c4hemm&#8230; Man kann das einfach nicht verstehen, kann nicht nachvollziehen, warum man so jemanden auf ne Veranstaltung irgendwie l\u00e4sst. Da muss man sich dann von jedem direkt fragen lassen, warum lassen sie denn den Herrn Tauss auf ihre Veranstaltung&#8230;. so&#8230; find\u2018 ich nicht gut.\u00a0<\/em><\/p>\n<p><em><strong>WR<\/strong>: Aber, aber&#8230; Wenn Du jeden von ner Veranstaltung ausschlie\u00dfen willst, dann muss er ja irgendwie allen was getan haben. Aber nur weil Herr Lauer keine Lust hat&#8230;(Gemurmel).<\/em><\/p>\n<p><em><strong>Lauer:<\/strong> Also h\u00e4ttest Du jetzt ein Problem damit, wenn J\u00f6rg Tauss auf Veranstaltungen per se Hausverbot h\u00e4tte&#8230;.?<\/em><\/p>\n<p><em><strong>WR:<\/strong> Ja, nat\u00fcrlich&#8230;..<\/em><\/p>\n<p><em><strong>Lauer:<\/strong> Warum das denn?<\/em><\/p>\n<p><em><strong>WR:<\/strong> Weil ich die Begr\u00fcndung f\u00fcr dieses per se &#8211; Hausverbot gerne wissen w\u00fcrde. Und wenn es da keine Richtige gibt, dann ist das Hausverbot aus Willk\u00fcr. Und dann muss ich damit rechnen, irgendwann auch Hausverbot&#8230;. irgendwie doof&#8230;<\/em><\/p>\n<p><em><strong>Lauer:<\/strong> &#8230;Nein..Nein&#8230; Das kann man ja begr\u00fcnden. Der ist einfach ein schlechter Mensch. Das ist halt ein schlimmer Mensch. Der ist halt schwer gest\u00f6rt&#8230;. Also, es gibt genug Gr\u00fcnde, warum man nicht m\u00f6chte, dass so jemand auf der Veranstaltung ist. Aber&#8230;\u00a0<\/em><\/p>\n<p><em><strong>WR:<\/strong> Aber welche?<\/em><\/p>\n<p><em><strong>Lauer:<\/strong>&#8230; \u00c4hemm..ich wei\u00df nicht. Vielleicht sollte man in diesem Podcast nicht zu viel \u00fcber gest\u00f6rte Menschen reden, und ihnen damit irgend eine B\u00fchne geben.. \u00c4hemm.. Ja, das alles hat mich etwas genervt&#8230;. ohhh&#8230; das ist ein sch\u00f6ner Brief&#8230;<\/em><\/p>\n<p><em>(Anmerkung: Lauer beginnt, zusammenhanglos einen an ihn gerichteten reichlich wirren Brief eines B\u00fcrgers zu verlesen..)<\/em><\/p>\n<p><em><strong>WR:<\/strong> Ablenkungsversuch&#8230;.\u00a0<\/em><\/p><\/blockquote>\n<p>Schnitt. Wie gesagt: das gesamte Interview ist f\u00fcr alle h\u00f6renswert, die sich ein ungeschminktes Bild \u00fcber den Zustand eines der beiden\u00a0 Fraktionsvorsitzenden im Berliner Abgeordnetenhaus machen wollen.<\/p>\n<p>Zum Vorgang beim Politcamp erg\u00e4nzend mein Kommentar vom 23.09. 12 auf tauss-gezwitscher: Ein lauerndes Problem<\/p>\n<p><a href=\"https:\/\/www.tauss-gezwitscher.de\/?p=3479\">https:\/\/www.tauss-gezwitscher.de\/?p=3479<\/a><\/p>\n<p>&nbsp;<\/p>\n<p>&nbsp;<\/p>\n<p>&nbsp;<\/p>\n<p>&nbsp;<\/p>\n<p>&nbsp;<\/p>\n<p>&nbsp;<\/p>\n<p>&nbsp;<\/p>\n<p>&nbsp;<\/p>\n<p>&nbsp;<\/p>\n<p>&nbsp;<\/p>\n<p>&nbsp;<\/p>\n<p>&nbsp;<\/p>\n<p>&nbsp;<\/p>\n<p>&nbsp;<\/p>\n","protected":false},"excerpt":{"rendered":"<p>Wrint, eine Berliner Sammlung kostenloser Podcasts, ver\u00f6ffentlichte in seiner WR Gespr\u00e4chsreihe \u201eWer redet ist nicht tot\u201c als Folge 113 ein Gespr\u00e4ch mit Christopher Lauer, einem der beiden Piraten- Fraktionsvorsitzenden\u00a0 im Berliner Abgeordnetenhaus. Heraus kamen h\u00f6chst aufschlussreiche Aussagen. Dabei ging es unter anderem um die Frage, weshalb Lauer ein beim Politcamp 12 organisiertes Gespr\u00e4ch zum Thema [&hellip;]<\/p>\n","protected":false},"author":3,"featured_media":0,"comment_status":"open","ping_status":"open","sticky":false,"template":"","format":"standard","meta":{"footnotes":""},"categories":[1],"tags":[243,242,4],"class_list":["post-3494","post","type-post","status-publish","format-standard","hentry","category-allgemein","tag-lauer","tag-pc12","tag-piraten"],"_links":{"self":[{"href":"https:\/\/www.tauss-gezwitscher.de\/index.php?rest_route=\/wp\/v2\/posts\/3494","targetHints":{"allow":["GET"]}}],"collection":[{"href":"https:\/\/www.tauss-gezwitscher.de\/index.php?rest_route=\/wp\/v2\/posts"}],"about":[{"href":"https:\/\/www.tauss-gezwitscher.de\/index.php?rest_route=\/wp\/v2\/types\/post"}],"author":[{"embeddable":true,"href":"https:\/\/www.tauss-gezwitscher.de\/index.php?rest_route=\/wp\/v2\/users\/3"}],"replies":[{"embeddable":true,"href":"https:\/\/www.tauss-gezwitscher.de\/index.php?rest_route=%2Fwp%2Fv2%2Fcomments&post=3494"}],"version-history":[{"count":14,"href":"https:\/\/www.tauss-gezwitscher.de\/index.php?rest_route=\/wp\/v2\/posts\/3494\/revisions"}],"predecessor-version":[{"id":3504,"href":"https:\/\/www.tauss-gezwitscher.de\/index.php?rest_route=\/wp\/v2\/posts\/3494\/revisions\/3504"}],"wp:attachment":[{"href":"https:\/\/www.tauss-gezwitscher.de\/index.php?rest_route=%2Fwp%2Fv2%2Fmedia&parent=3494"}],"wp:term":[{"taxonomy":"category","embeddable":true,"href":"https:\/\/www.tauss-gezwitscher.de\/index.php?rest_route=%2Fwp%2Fv2%2Fcategories&post=3494"},{"taxonomy":"post_tag","embeddable":true,"href":"https:\/\/www.tauss-gezwitscher.de\/index.php?rest_route=%2Fwp%2Fv2%2Ftags&post=3494"}],"curies":[{"name":"wp","href":"https:\/\/api.w.org\/{rel}","templated":true}]}}