{"id":3479,"date":"2012-09-23T19:32:51","date_gmt":"2012-09-23T17:32:51","guid":{"rendered":"http:\/\/www.tauss-gezwitscher.de\/?p=3479"},"modified":"2012-09-23T21:35:34","modified_gmt":"2012-09-23T19:35:34","slug":"ein-lauerndes-problem","status":"publish","type":"post","link":"https:\/\/www.tauss-gezwitscher.de\/?p=3479","title":{"rendered":"Ein lauerndes Problem"},"content":{"rendered":"<p>Eigentlich pl\u00e4tscherte alles ganz friedlich vor sich hin. Beim diesj\u00e4hrigen Politcamp in Berlin (\u201eNetz trifft Politik\u201c) bekamen die Piraten Berlin einen eigenen Programmpunkt zum Thema\u00a0 \u201e1 Jahr Abgeordnetenhaus\u201c. Mit von der Partie: Die Vertreter anderer Fraktionen und die beiden Piraten &#8211; Fraktionsvorsitzenden Andreas Baum und Christopher Lauer.<br \/>\nDoch statt die Chance zu nutzen, Inhalte zu transportieren und den Ruf als Chaostruppe zu entkr\u00e4ften, sorgte Lauer f\u00fcr einen Eklat. Auf die durchaus freundlich und bestenfalls ironisch gemeinte\u00a0 Anmerkung\u00a0 des Berliner Landespolitikers Sven Kohlmeier, die Kommunikation mit den Piraten sei gelegentlich wegen deren st\u00e4ndiger Handynutzung, selbst w\u00e4hrend eines Gespr\u00e4chs, schwierig, rastete Lauer aus.<br \/>\nWarum tue ich mir diesen Scheiss an, verbreitete er noch via twitter und\u00a0 verschwand unter lautstarker Abgabe wirrer Erkl\u00e4rungen vom Podium und aus dem Geb\u00e4ude. Das Publikum reagierte berechtigt mit v\u00f6lligem Unverst\u00e4ndnis und Buhrufen. Schon zuvor war ihm aufgefallen, dass Lauer die Veranstaltung zu trollen beabischtigte. In beh\u00e4bigster Art, die an eine miese Kopie des fr\u00fchen Joschka Fischer erinnerte, provozierte er die Anwesenden ab dem ersten Moment seines versp\u00e4teten Eintreffens mit Gesten und deutlich vorgetragenem Desinteresse.<br \/>\nSichtlich gelangweilt kommentierte er wichtige Fragen mit \u201eN\u00f6\u201c und Gebrumm, w\u00e4hrend er weiter an seinem Handy spielte. Der neben ihm sitzende Baum, sichtlich um Sachlichkeit und Entspannung bem\u00fcht, konnte einem leid tun. Denn die anderen Parteien, einschlie\u00dflich CDU, Gr\u00fcne und SPD gingen mit den Berliner Piraten an diesem Nachmittag schon bis zur Langeweile wohlwollend um.<\/p>\n<p>Ausdr\u00fccklich wurde ihnen bescheinigt, frischen Wind ins Abgeordnetenhaus gebracht und zumindest die beiden regierenden Volksparteien nicht nur netzpolitisch vor sich hergetrieben zu haben. Nicht erw\u00e4hnt wurde von den politischen Konkurrenten der holprige naive Start mit einer nicht nur medial verungl\u00fcckten Auftaktreise von Teilen der Fraktion nach Island nach der sensationellen Berlinwahl. Nichts vom Skandal, dass die Bewerber um Jobs als Mitarbeiter im Abgeordnetenhaus durch eine \u201eDatenschutzpanne\u201c des damaligen Fraktionsgesch\u00e4ftsf\u00fchrers dilettantisch geoutet wurden. Lauer damals: \u201eDas ist doch kein Problem\u201c.\u00a0 Wie bei einigen Piraten \u00fcblich, wurde ganz im Stile der Politik 1.0 auch dieser Vorgang damals vertuscht und beerdigt.<br \/>\nNiemand thematisierte beim Politcamp das schon systematische Mobbing innerhalb der Berliner Piraten, welches Lauer zu Lasten seines Vorg\u00e4ngers neben Baum \u00fcberhaupt erst an die Spitze der Fraktion gesp\u00fclt hatte. Niemand sprach die \u00fcblen Intrigenspielchen einiger Fraktionsmitarbeiter gegen gew\u00e4hlte Abgeordnete an. Keiner die Tatsache, dass Mitglieder der Fraktion andere Piraten mit Abmahnungen bekriegen . Und dennoch rastete die \u201eDiva\u201c wegen dieser minimalen Kohlmeier-Spitze aus.<br \/>\nSein Abgang wurde von mrtopf in Ermangelung eines Streams noch geistesgegenw\u00e4rtig gefilmt und bei Youtube hochgeladen. Man sieht darauf, wie Lauer noch im Stehen Podium und Publikum trollt und dann den Saal verl\u00e4sst.<br \/>\n<iframe loading=\"lazy\" title=\"PolitCamp 2012: Schmidtlepps Abgang\" width=\"625\" height=\"352\" src=\"https:\/\/www.youtube.com\/embed\/p3DbXgxAsi4?feature=oembed\" frameborder=\"0\" allow=\"accelerometer; autoplay; clipboard-write; encrypted-media; gyroscope; picture-in-picture; web-share\" referrerpolicy=\"strict-origin-when-cross-origin\" allowfullscreen><\/iframe><br \/>\nSelten wurde wohl ein eher wohlgewogener Saal durch einen Piraten so nachhaltig peinlich ber\u00fchrt. Die Piraten Berlin, von denen sich welche sofort via twitter f\u00fcr den \u00fcberfl\u00fcssigen Eklat entschuldigten,\u00a0 haben nicht nur dieses lauernde Personalproblem. Christopher Lauer ist die tickende Zeitbombe, welche das ganz Piraten-Schiff sp\u00e4testens zur Bundestagswahl zum Kentern bringen kann. Schade, wenn ein so wichtiges politisches Projekt am Psychotrip der Lauer-Truppe scheiterte.<\/p>\n","protected":false},"excerpt":{"rendered":"<p>Eigentlich pl\u00e4tscherte alles ganz friedlich vor sich hin. Beim diesj\u00e4hrigen Politcamp in Berlin (\u201eNetz trifft Politik\u201c) bekamen die Piraten Berlin einen eigenen Programmpunkt zum Thema\u00a0 \u201e1 Jahr Abgeordnetenhaus\u201c. Mit von der Partie: Die Vertreter anderer Fraktionen und die beiden Piraten &#8211; Fraktionsvorsitzenden Andreas Baum und Christopher Lauer. Doch statt die Chance zu nutzen, Inhalte zu [&hellip;]<\/p>\n","protected":false},"author":3,"featured_media":0,"comment_status":"open","ping_status":"open","sticky":false,"template":"","format":"standard","meta":{"footnotes":""},"categories":[1],"tags":[4],"class_list":["post-3479","post","type-post","status-publish","format-standard","hentry","category-allgemein","tag-piraten"],"_links":{"self":[{"href":"https:\/\/www.tauss-gezwitscher.de\/index.php?rest_route=\/wp\/v2\/posts\/3479","targetHints":{"allow":["GET"]}}],"collection":[{"href":"https:\/\/www.tauss-gezwitscher.de\/index.php?rest_route=\/wp\/v2\/posts"}],"about":[{"href":"https:\/\/www.tauss-gezwitscher.de\/index.php?rest_route=\/wp\/v2\/types\/post"}],"author":[{"embeddable":true,"href":"https:\/\/www.tauss-gezwitscher.de\/index.php?rest_route=\/wp\/v2\/users\/3"}],"replies":[{"embeddable":true,"href":"https:\/\/www.tauss-gezwitscher.de\/index.php?rest_route=%2Fwp%2Fv2%2Fcomments&post=3479"}],"version-history":[{"count":13,"href":"https:\/\/www.tauss-gezwitscher.de\/index.php?rest_route=\/wp\/v2\/posts\/3479\/revisions"}],"predecessor-version":[{"id":3492,"href":"https:\/\/www.tauss-gezwitscher.de\/index.php?rest_route=\/wp\/v2\/posts\/3479\/revisions\/3492"}],"wp:attachment":[{"href":"https:\/\/www.tauss-gezwitscher.de\/index.php?rest_route=%2Fwp%2Fv2%2Fmedia&parent=3479"}],"wp:term":[{"taxonomy":"category","embeddable":true,"href":"https:\/\/www.tauss-gezwitscher.de\/index.php?rest_route=%2Fwp%2Fv2%2Fcategories&post=3479"},{"taxonomy":"post_tag","embeddable":true,"href":"https:\/\/www.tauss-gezwitscher.de\/index.php?rest_route=%2Fwp%2Fv2%2Ftags&post=3479"}],"curies":[{"name":"wp","href":"https:\/\/api.w.org\/{rel}","templated":true}]}}