{"id":3464,"date":"2012-09-20T13:21:36","date_gmt":"2012-09-20T11:21:36","guid":{"rendered":"http:\/\/www.tauss-gezwitscher.de\/?p=3464"},"modified":"2012-09-20T13:26:40","modified_gmt":"2012-09-20T11:26:40","slug":"weltkindertag-und-bundestag-und-so","status":"publish","type":"post","link":"https:\/\/www.tauss-gezwitscher.de\/?p=3464","title":{"rendered":"Weltkindertag. Und Bundestag und so&#8230;.."},"content":{"rendered":"<p>Hurra. Heute ist Weltkindertag. Also eine gute M\u00f6glichkeit, global auf die Verletzung von Kinderrechten aufmerksam zu machen. Und sicherlich geh\u00f6rt Kinderarbeit eindeutig zu den groben Verst\u00f6\u00dfen gegen die UN-Konvention zu den Rechten des Kindes.<\/p>\n<p>Es sei, so t\u00f6nte deshalb unsere Kinderkommission des Deutschen Bundestages schon im Juni,<\/p>\n<blockquote><p><em>&#8230;.dringende Aufgabe der Politik, international auf die Einhaltung der Kinderrechte und das Verbot von Kinderarbeit zu dr\u00e4ngen.<\/em><\/p><\/blockquote>\n<p>Sch\u00f6n, wenn ausgerechnet unser Parlament an <em>\u201edie Politik\u201c<\/em> appelliert, sich eines Problems anzunehmen, dem man sich eigentlich und zumindest am Welttag der Kinder selbst mal annehmen k\u00f6nnte. Nicht wirklich scheinen sich diese Abgeordneten \u201eder Politik\u201c so ganz zugeh\u00f6rig zu f\u00fchlen.<\/p>\n<p>Denn nicht einmal am Welttag des Kindes schafft es ausweislich ihrer<a href=\" http:\/\/www.bundestag.de\/bundestag\/ausschuesse17\/a13\/kiko\/Pressemitteilungen\/18_09_2012_Weltkindertag.pdf\"> eigenen Stellungnahme <\/a>diese Kinderkommission,\u00a0\u00fcber den beschr\u00e4nkten deutschen Horizont hinauszublicken. Sie bejammert ausgerechnet heute das harte deutsche Schicksal<\/p>\n<blockquote><p><em>..zu oft sind die Tage von Kinder und Jugendlichen viel zu eng eingetaktet.<\/em><\/p><\/blockquote>\n<p>Dieser Erkenntnis wird man wohl nicht widersprechen k\u00f6nnen. Doch ist ausgerechnet der <em>Welt<\/em>kindertag geeigneter Anlass, um einen immer st\u00e4rker fordernden Schulalltag und Freizeitstress durch vielf\u00e4ltige Aktivit\u00e4ten mit hohen Anforderungen in <em>DEUTSCHLAND<\/em> zu beklagen?<\/p>\n<p>Die FDP- Kinderpolitikerin Miriam Gruss setzt da in einer eigenen Pressemitteilung noch einen drauf:<\/p>\n<blockquote><p><em>\u201eWichtig ist, dass der notwendige Respekt f\u00fcr Kinder und ihre Bed\u00fcrfnisse nicht nur allj\u00e4hrlich am 20. September Beachtung findet. Wir wollen mehr Respekt f\u00fcr Kinder in Deutschland \u2013 an 365 Tagen im Jahr.\u201c<\/em><\/p><\/blockquote>\n<p>Auch bei den einen Au\u00dfenminister stellenden Liberalen scheint der Begriff \u201eWelt\u201c an 365 Tagen im Jahr zumindest beim Thema Kinder irgendwie auf die Ecken zwischen Flensburg und Bodensee reduziert zu sein.<\/p>\n<p>Dazu passt, dass sich die Kinderpolitiker des Deutschen Bundestages bis heute und trotz mehrfacher Anfragen nicht mit einem Skandal befassten, \u00fcber den ich bereits im <a href=\"https:\/\/www.tauss-gezwitscher.de\/?p=1576\">Dezember 2010 (auf tauss-gezwitscher) berichten musste.<\/a><\/p>\n<p>Am Beispiel eines Kaffekonzerns (Douwe Egberts) dargestellt h\u00e4lt die EU-Kommission Kinderarbeit (unver\u00e4ndert!) f\u00fcr einen <em>Wettbewerbsvorteil.<\/em><\/p>\n<p>Dummerweise fanden die abgeordneten Kinderpolitiker unseres Parlaments trotz mehrfacher Bitten seit Dezember 2010 keine Gelegenheit, sich damit zu befassen&#8230;.<\/p>\n<p>PS: Allein in Kenia arbeiten gesch\u00e4tzt 1 Million Kinder, zum Beispiel auf Kaffeeplantagen. Nicht nur in der Freizeit. Sondern statt Freizeit und Schule f\u00fcr ca. 50 Cent auch am Weltkindertag. Ein sch\u00f6ner Wettbewerbsvorteil.<\/p>\n","protected":false},"excerpt":{"rendered":"<p>Hurra. Heute ist Weltkindertag. Also eine gute M\u00f6glichkeit, global auf die Verletzung von Kinderrechten aufmerksam zu machen. Und sicherlich geh\u00f6rt Kinderarbeit eindeutig zu den groben Verst\u00f6\u00dfen gegen die UN-Konvention zu den Rechten des Kindes. Es sei, so t\u00f6nte deshalb unsere Kinderkommission des Deutschen Bundestages schon im Juni, &#8230;.dringende Aufgabe der Politik, international auf die Einhaltung [&hellip;]<\/p>\n","protected":false},"author":3,"featured_media":0,"comment_status":"open","ping_status":"open","sticky":false,"template":"","format":"standard","meta":{"footnotes":""},"categories":[1],"tags":[84,101,152,241],"class_list":["post-3464","post","type-post","status-publish","format-standard","hentry","category-allgemein","tag-bundestag","tag-eu","tag-kinderkommission","tag-weltkindertag"],"_links":{"self":[{"href":"https:\/\/www.tauss-gezwitscher.de\/index.php?rest_route=\/wp\/v2\/posts\/3464","targetHints":{"allow":["GET"]}}],"collection":[{"href":"https:\/\/www.tauss-gezwitscher.de\/index.php?rest_route=\/wp\/v2\/posts"}],"about":[{"href":"https:\/\/www.tauss-gezwitscher.de\/index.php?rest_route=\/wp\/v2\/types\/post"}],"author":[{"embeddable":true,"href":"https:\/\/www.tauss-gezwitscher.de\/index.php?rest_route=\/wp\/v2\/users\/3"}],"replies":[{"embeddable":true,"href":"https:\/\/www.tauss-gezwitscher.de\/index.php?rest_route=%2Fwp%2Fv2%2Fcomments&post=3464"}],"version-history":[{"count":13,"href":"https:\/\/www.tauss-gezwitscher.de\/index.php?rest_route=\/wp\/v2\/posts\/3464\/revisions"}],"predecessor-version":[{"id":3478,"href":"https:\/\/www.tauss-gezwitscher.de\/index.php?rest_route=\/wp\/v2\/posts\/3464\/revisions\/3478"}],"wp:attachment":[{"href":"https:\/\/www.tauss-gezwitscher.de\/index.php?rest_route=%2Fwp%2Fv2%2Fmedia&parent=3464"}],"wp:term":[{"taxonomy":"category","embeddable":true,"href":"https:\/\/www.tauss-gezwitscher.de\/index.php?rest_route=%2Fwp%2Fv2%2Fcategories&post=3464"},{"taxonomy":"post_tag","embeddable":true,"href":"https:\/\/www.tauss-gezwitscher.de\/index.php?rest_route=%2Fwp%2Fv2%2Ftags&post=3464"}],"curies":[{"name":"wp","href":"https:\/\/api.w.org\/{rel}","templated":true}]}}