{"id":3385,"date":"2012-05-12T10:16:45","date_gmt":"2012-05-12T08:16:45","guid":{"rendered":"http:\/\/www.tauss-gezwitscher.de\/?p=3385"},"modified":"2012-05-12T10:29:46","modified_gmt":"2012-05-12T08:29:46","slug":"zuruckranten","status":"publish","type":"post","link":"https:\/\/www.tauss-gezwitscher.de\/?p=3385","title":{"rendered":"&#8222;Zur\u00fcckranten&#8220;"},"content":{"rendered":"<p>Es ist hoch interessant zu beobachten, wie ausgerechnet beim Thema <em>Urheberrecht und Internet<\/em> der Weberaufstand tobt. W\u00e4hrend die Weber der Jahre 1844 tats\u00e4chlich noch von sozialer Katastrophe, Hunger und nacktem Elend bedroht waren, machen hier gut verdienende Besitzstandswahrer gegen eine freiheitlich angelegte Technik und deren Nutzer Stimmung.<\/p>\n<p><a href=\"http:\/\/www.br.de\/radio\/bayern2\/sendungen\/zuendfunk\/regener_interview100.html\">Rants wie die von <em>Sven Regener<\/em> <\/a>sprechen B\u00e4nde.\u00a0Dabei wird in der gesamten Debatte Urheberrecht, Urheberpers\u00f6nlichkeitsrecht, Verwerterrecht und Urhebervertragsrecht munter durcheinander geworfen. <em>John Weitzmann<\/em> hat bei Netzpolitik.org Herrn Regener deshalb treffend kommentiert: <a href=\"http:\/\/netzpolitik.org\/2012\/der-aufregener-kim-schmitz-singt-statt-youtube-oder-frei-geht-immer-nur-gegen-die-kunstler\/\">Unfassbar ignoranter Rant.\u00a0<\/a><\/p>\n<p>In Wahrheit geht es aber nicht um Ignoranz oder die Privatkopie &amp; Co, sondern um die Erhaltung von Monopolen nach Muster der GEMA. Es geht um die Bevormundung von Menschen bis hin zur Schaffung eines \u00dcberwachungsstaats zur Bek\u00e4mpfung des Internets. Zur Ablenkung hiervon konstruieren die Bef\u00fcrworter einer sich nicht \u00e4ndern d\u00fcrfenden Welt <a href=\"https:\/\/www.tauss-gezwitscher.de\/?p=3376\">ideologisch-juristische Kampfbegriffe wie die vom \u201cgeistigen Eigentum\u201d.<!--more--><\/a><\/p>\n<p>Argumentativ get\u00e4uscht und getrickst wird von den Verhinderern eines zeitgem\u00e4\u00dfen Urheberrechts dabei, dass sich die Balken biegen (siehe die GEZ-finanzierten Drehbuchautoren, Gornys Musikindustrie oder B\u00f6rsenverein des Deutschen Buchhandels). Wie gesagt: Hoch interessant. Und entlarvend.<\/p>\n<p>Schon deshalb kann man den <em>Piraten<\/em> durchaus dankbar sein, dass sie in dieses Geflecht hineingestochen haben und dem Widerstand eine (partei-)politische Stimme geben. Auf die Vorschl\u00e4ge der Piraten st\u00fcrzen sich dann allerdings selbst Carta-Autoren wie <em>Wolfgang Michal<\/em>, die in deren Entwurf <a href=\"http:\/\/carta.info\/43324\/zankapfel-urheberrecht-der-ungeloste-grundwiderspruch-der-piraten\/\">tats\u00e4chliche oder vermeintliche \u201eGrundwiderspr\u00fcche\u201c <\/a>zu entdecken glauben.<\/p>\n<p>Ihm geht es um die Widerspr\u00fcche bei den Piraten. Nicht um die Widerspr\u00fcche bei den Anh\u00e4ngern der alten Welt, die sich nach Auffassung des CDU-Urheberrechtlers und Lobbyisten <a href=\"https:\/\/netzpolitik.org\/2012\/ansgar-heveling-erzahlt-vom-krieg\/\"><em>Ansgar Heveling<\/em> ja sogar im \u201eKrieg\u201c gegen b\u00f6se \u201eUrheberrechtsfeinde\u201c <\/a>im Internet befinden.<\/p>\n<p>Der Irrtum der Piraten mit deren gut gemeintem Beitrag zum Ansto\u00df einer INHALTLICHEN Debatte statt d\u00fcmmlicher Regener-Rants ist lediglich die Annahme, man k\u00f6nne sich zivilisiert mit gut organisierten vermeintlichen &#8222;Urheber&#8220;-Lobbyverb\u00e4nden und deren Hevelings auseinandersetzen. Mit Verb\u00e4nden, von deren Einfluss in Regierungen und Parlamenten andere Wirtschaftsvertreter, einschlie\u00dflich der Pharma- oder Atomindustrie, nur tr\u00e4umen k\u00f6nnen. Das ist auch der Irrtum (nat\u00fcrlich dennoch) verdienstvoller Initiativen wie<\/p>\n<p><a href=\"http:\/\/wir-sind-die-buerger.de\">http:\/\/wir-sind-die-buerger.de<\/a>\/ (gute \u00dcbersicht auch <a href=\"http:\/\/www.heise.de\/newsticker\/meldung\/Wir-sind-die-Urheber-Kritik-an-Kuenstleraufruf-1573617.html\">bei heise<\/a>).<\/p>\n<p>Doch mit diesen Aktivit\u00e4ten gewinnt man eventuell die Aufmerksamkeit des neutralen Publikums. Aber noch nicht die Schlachten gegen die Hevelings.<\/p>\n<p>Denn der Gegenseite geht es nicht darum, tats\u00e4chliche Probleme des Urheberrechts und verwandter Rechtsgebiete sachlich zu debattieren und zu l\u00f6sen. Sie will notwendige Ver\u00e4nderung bis hin zu Open Access im Wissenschaftsbereich verhindern. Sie will Universit\u00e4ten von der digitalen Welt abschotten, Schulh\u00f6fe kriminalisieren und mit Abmahnung und Prozessiererei digitale Inhalte in Lehre und Unterricht verhindern. Es geht nicht &#8222;nur&#8220; um Musik. Der <a href=\"http:\/\/www.heise.de\/tp\/blogs\/8\/150735\">Versuch des Schultrojaners <\/a>war hierzu ein neues Lehrst\u00fcck.<\/p>\n<p>Es geht um brutalstm\u00f6gliche Interessendurchsetzung zum Schutz des eigenen Webstuhls. Dabei schreckt man buchst\u00e4blich vor nichts zur\u00fcck. Auch nicht vor der Demontage von Demokratie und Freiheit durch die Installation von \u00dcberwachungsinfrastruktur an Schulen und in der gesamten Gesellschaft.<\/p>\n<p>Bei uns hat diese <em>Contentmafia<\/em>, \u00fcbrigens einschlie\u00dflich der Pornoindustrie, was pseudointellektuelle Autoren gerne verschweigen, dank fliegendem Gerichtsstand mit den Kammern am Landgericht Hamburg bereits eine eigene Gerichtsbarkeit zur Durchsetzung ihrer Interessen installiert.<\/p>\n<p>In 15 Jahren Bundestag (\u00e4hnlich Europaparlament) habe ich keine Lobby mit vergleichbarer fraktions\u00fcbergreifender Wirkung und Verhinderungsgewalt gegen zarteste Ver\u00e4nderungen zu deren Lasten erlebt. Der Begriff <em>Contentmafia<\/em> ist nicht Polemik, sondern die treffende Beschreibung des heutigen Zustands einer erb\u00e4rmlichen globalen Verflechtung von Wirtschaft, Politik und Justiz im Bereich des Urheber\u201crechts\u201c.<\/p>\n<p>Da halte ich es also lieber mit jungen, sympathischen K\u00fcnstlerinnen wie <a href=\"http:\/\/www.gulli.com\/news\/18768-zoeleela-naiv-arrogant-oder-doch-lieber-cc-statt-gema-2012-05-10\">ZOELEENA,\u00a0die mit der GEMA nichts zu tun haben will<\/a>. Gut so! Diese geschilderten Strukturen m\u00fcssen aufgebrochen werden. H\u00f6chste Zeit also, zur\u00fcck zu \u201eranten\u201c. F\u00fcr Dialog bedarf es dialogbereiter Partner. Aber da gibt es auf der Gegenseite nur die br\u00fcllenden Regeners und deren Vorderleute.<\/p>\n<p>&nbsp;<\/p>\n<p>&nbsp;<\/p>\n<p>&nbsp;<\/p>\n<p>&nbsp;<\/p>\n","protected":false},"excerpt":{"rendered":"<p>Es ist hoch interessant zu beobachten, wie ausgerechnet beim Thema Urheberrecht und Internet der Weberaufstand tobt. W\u00e4hrend die Weber der Jahre 1844 tats\u00e4chlich noch von sozialer Katastrophe, Hunger und nacktem Elend bedroht waren, machen hier gut verdienende Besitzstandswahrer gegen eine freiheitlich angelegte Technik und deren Nutzer Stimmung. Rants wie die von Sven Regener sprechen B\u00e4nde.\u00a0Dabei [&hellip;]<\/p>\n","protected":false},"author":3,"featured_media":0,"comment_status":"open","ping_status":"open","sticky":false,"template":"","format":"standard","meta":{"footnotes":""},"categories":[1],"tags":[234,32,4,40],"class_list":["post-3385","post","type-post","status-publish","format-standard","hentry","category-allgemein","tag-contentmafia","tag-internet","tag-piraten","tag-urheberrecht"],"_links":{"self":[{"href":"https:\/\/www.tauss-gezwitscher.de\/index.php?rest_route=\/wp\/v2\/posts\/3385","targetHints":{"allow":["GET"]}}],"collection":[{"href":"https:\/\/www.tauss-gezwitscher.de\/index.php?rest_route=\/wp\/v2\/posts"}],"about":[{"href":"https:\/\/www.tauss-gezwitscher.de\/index.php?rest_route=\/wp\/v2\/types\/post"}],"author":[{"embeddable":true,"href":"https:\/\/www.tauss-gezwitscher.de\/index.php?rest_route=\/wp\/v2\/users\/3"}],"replies":[{"embeddable":true,"href":"https:\/\/www.tauss-gezwitscher.de\/index.php?rest_route=%2Fwp%2Fv2%2Fcomments&post=3385"}],"version-history":[{"count":8,"href":"https:\/\/www.tauss-gezwitscher.de\/index.php?rest_route=\/wp\/v2\/posts\/3385\/revisions"}],"predecessor-version":[{"id":3391,"href":"https:\/\/www.tauss-gezwitscher.de\/index.php?rest_route=\/wp\/v2\/posts\/3385\/revisions\/3391"}],"wp:attachment":[{"href":"https:\/\/www.tauss-gezwitscher.de\/index.php?rest_route=%2Fwp%2Fv2%2Fmedia&parent=3385"}],"wp:term":[{"taxonomy":"category","embeddable":true,"href":"https:\/\/www.tauss-gezwitscher.de\/index.php?rest_route=%2Fwp%2Fv2%2Fcategories&post=3385"},{"taxonomy":"post_tag","embeddable":true,"href":"https:\/\/www.tauss-gezwitscher.de\/index.php?rest_route=%2Fwp%2Fv2%2Ftags&post=3385"}],"curies":[{"name":"wp","href":"https:\/\/api.w.org\/{rel}","templated":true}]}}