{"id":3376,"date":"2012-05-11T18:02:14","date_gmt":"2012-05-11T16:02:14","guid":{"rendered":"http:\/\/www.tauss-gezwitscher.de\/?p=3376"},"modified":"2012-05-11T18:32:51","modified_gmt":"2012-05-11T16:32:51","slug":"es-gibt-kein-geistiges-eigentum","status":"publish","type":"post","link":"https:\/\/www.tauss-gezwitscher.de\/?p=3376","title":{"rendered":"Es gibt kein geistiges Eigentum"},"content":{"rendered":"<p>Die borniert-ideologische Auseinandersetzung um das \u201egeistige Eigentum\u201c treibt bizarre Bl\u00fcten. J\u00fcngstes Beispiel ist die <a href=\"http:\/\/www.stern.de\/digital\/computer\/streit-um-urheberrecht-geht-weiter-1825447.html\">aktuelle ZEIT &#8211; Kampagne<\/a>.<\/p>\n<p>Da halte ich es lieber mit <em>Professor Reto Hilty<\/em>, Chef des Max-Planck-Instituts f\u00fcr Immaterialg\u00fcterrecht, der diesen Begriff \u00a0in Frage stellt oder gar mit dem Rechtsgelehrten Hans Forkel, der die Fehlentwicklung in den 80igern wohl schon heraufd\u00e4mmern sah. Zitat:<\/p>\n<blockquote><p>\u00a0<em>&#8222;Allerdings vermeidet man es im deutschen Privatrecht, von &#8222;geistigem Eigentum&#8220; zu sprechen, aus der Erkenntnis heraus, dass immaterielle G\u00fcter wegen ihrer Eigenart und ihrer Bedeutung f\u00fcr das menschliche Zusammenleben rechtlich weiterhin anders zu bewerten sind als Sachg\u00fcter, f\u00fcr die das b\u00fcrgerliche Recht Eigentum anerkennt&#8220;.<\/em><\/p><\/blockquote>\n<p>F\u00fcr die Vertretung dieser Position eines eigentlich konservativen Juristen lasse ich mich vom B\u00f6rsenverein und seinen Demagogen gerne als Internet-Kommunist &#8222;beschimpfen&#8220;: Es gibt kein geistiges Eigentum. Nur mal so- f\u00fcr die weitere Diskussion bedarf es offensichtlich grober Keile auf den Klotz geifernder &#8222;Urheber&#8220;.<\/p>\n<p>PS: Vielen Dank an @esteinhauer , der das Forkel-Zitat zur rp12 ausgegraben hatte.<\/p>\n<p>&nbsp;<\/p>\n","protected":false},"excerpt":{"rendered":"<p>Die borniert-ideologische Auseinandersetzung um das \u201egeistige Eigentum\u201c treibt bizarre Bl\u00fcten. J\u00fcngstes Beispiel ist die aktuelle ZEIT &#8211; Kampagne. Da halte ich es lieber mit Professor Reto Hilty, Chef des Max-Planck-Instituts f\u00fcr Immaterialg\u00fcterrecht, der diesen Begriff \u00a0in Frage stellt oder gar mit dem Rechtsgelehrten Hans Forkel, der die Fehlentwicklung in den 80igern wohl schon heraufd\u00e4mmern sah. [&hellip;]<\/p>\n","protected":false},"author":3,"featured_media":0,"comment_status":"open","ping_status":"open","sticky":false,"template":"","format":"standard","meta":{"footnotes":""},"categories":[1],"tags":[40],"class_list":["post-3376","post","type-post","status-publish","format-standard","hentry","category-allgemein","tag-urheberrecht"],"_links":{"self":[{"href":"https:\/\/www.tauss-gezwitscher.de\/index.php?rest_route=\/wp\/v2\/posts\/3376","targetHints":{"allow":["GET"]}}],"collection":[{"href":"https:\/\/www.tauss-gezwitscher.de\/index.php?rest_route=\/wp\/v2\/posts"}],"about":[{"href":"https:\/\/www.tauss-gezwitscher.de\/index.php?rest_route=\/wp\/v2\/types\/post"}],"author":[{"embeddable":true,"href":"https:\/\/www.tauss-gezwitscher.de\/index.php?rest_route=\/wp\/v2\/users\/3"}],"replies":[{"embeddable":true,"href":"https:\/\/www.tauss-gezwitscher.de\/index.php?rest_route=%2Fwp%2Fv2%2Fcomments&post=3376"}],"version-history":[{"count":7,"href":"https:\/\/www.tauss-gezwitscher.de\/index.php?rest_route=\/wp\/v2\/posts\/3376\/revisions"}],"predecessor-version":[{"id":3384,"href":"https:\/\/www.tauss-gezwitscher.de\/index.php?rest_route=\/wp\/v2\/posts\/3376\/revisions\/3384"}],"wp:attachment":[{"href":"https:\/\/www.tauss-gezwitscher.de\/index.php?rest_route=%2Fwp%2Fv2%2Fmedia&parent=3376"}],"wp:term":[{"taxonomy":"category","embeddable":true,"href":"https:\/\/www.tauss-gezwitscher.de\/index.php?rest_route=%2Fwp%2Fv2%2Fcategories&post=3376"},{"taxonomy":"post_tag","embeddable":true,"href":"https:\/\/www.tauss-gezwitscher.de\/index.php?rest_route=%2Fwp%2Fv2%2Ftags&post=3376"}],"curies":[{"name":"wp","href":"https:\/\/api.w.org\/{rel}","templated":true}]}}