{"id":3229,"date":"2012-02-25T21:27:01","date_gmt":"2012-02-25T20:27:01","guid":{"rendered":"http:\/\/www.tauss-gezwitscher.de\/?p=3229"},"modified":"2012-03-07T13:05:29","modified_gmt":"2012-03-07T12:05:29","slug":"turkei-das-unbekannte-wesen","status":"publish","type":"post","link":"https:\/\/www.tauss-gezwitscher.de\/?p=3229","title":{"rendered":"T\u00fcrkei. Das unbekannte Wesen"},"content":{"rendered":"<p>&nbsp;<\/p>\n<p><a href=\"https:\/\/www.tauss-gezwitscher.de\/wp-content\/uploads\/2012\/02\/IMG_15082.jpg\"><img loading=\"lazy\" decoding=\"async\" class=\"aligncenter size-medium wp-image-3275\" title=\"IMG_1508\" src=\"https:\/\/www.tauss-gezwitscher.de\/wp-content\/uploads\/2012\/02\/IMG_15082-300x224.jpg\" alt=\"\" width=\"300\" height=\"224\" \/><\/a><\/p>\n<p>&nbsp;<\/p>\n<p>Ich bin bei den <em>T\u00fcrken<\/em>. Nein: Nicht im <em>Exil<\/em> (ein <em>Pirat <\/em>hatte sich mitf\u00fchlend erkundigt;) Ich bin einfach mal dort, weil so viel von \u201e<em>den T\u00fcrken<\/em>\u201c die Rede ist. Und weil so viele <em>moderne T\u00fcrken<\/em> \u00fcber die <em>altmodischen T\u00fcrken<\/em> in <em>Deutschland <\/em>l\u00e4stern. Wie auch <em>Deutsche<\/em> \u00fcber \u201e<em>die\u201c T\u00fcrken<\/em>. Und umgekehrt. So lernt man durchaus manches, wenn man so durch t\u00fcrkische Lande f\u00e4hrt. Reisen soll ja bilden.<\/p>\n<p><!--more--><\/p>\n<p>Dass <em>Troja<\/em> nicht in <em>Griechenland <\/em>liegt, lernt man ja eventuell schon in der Schule. Dass sich manche deutsche Touristen wundern, wenn auch an der <em>\u00c4g\u00e4is<\/em> im <em>Februar <strong>Februar <\/strong><\/em>ist, erf\u00e4hrt man von am\u00fcsierten Reiseleitern mit Hochschulstudium, die sich mit klimabedingten G\u00e4stebeschwerden an den Reiseveranstalter auseinandersetzen m\u00fcssen. Das Meer hat lediglich fr\u00fche Baggerseetemperatur. Die Hand im Wasser zuckt leicht zur\u00fcck. Deshalb stehen dort im Westen mit Sichtkontakt nach <em>Griechenland <\/em>viele Hotels an 9 von 12 Monaten im Jahr leer. Bis zu den t\u00fcrkischen Sommerferien.<\/p>\n<p>W\u00e4hrend der dreimonatigen Sommersaison brummt dann aber der B\u00e4r. In dieser Zeit wird das Geld f\u00fcr den Rest des Jahres verdient. Einige Hotels machen jedoch Lockangebote und nehmen im Winter Defizite in Kauf, um den Kern des qualifizierten Personals zu halten. Manche Kellner sprechen besser deutsch als ein Teil der deutschen Kundschaft. So kann man derzeit schon mal locker f\u00fcr 129.&#8211;<em>Euro<\/em> eine Woche <em>\u00c4g\u00e4is <\/em>mit \u00dcbernachtung und Fr\u00fchst\u00fcck im Februar inclusive Flug buchen. Ein Tipp f\u00fcr <em>Wulff<\/em>!<\/p>\n<p><strong>Touri-Sponsoring<\/strong><\/p>\n<p>Der Sensationspreis erkl\u00e4rt sich aus steuerlichen Abschreibungsm\u00f6glichkeiten f\u00fcr Verluste und erheblichem Sponsoring aus verschiedenen Quellen. Aus Gr\u00fcnden subventioniert beispielsweise die t\u00fcrkische <em>Teppich- <\/em>oder <em>Lederindustrie <\/em>solche Touri-Reisen wie die von mir. Der eine oder andere Tourist kommt auch noch mit einem <em>Teppich<\/em> heim. Oder <em>Lederwaren<\/em>. Ich nur mit leckerer <em>Olivenpaste<\/em>. Vier gro\u00dfe Gl\u00e4ser von dem leckeren Zeug kosten 8.&#8211;<em> Euro<\/em>. Seit dem Besuch im <em>Olivenmuseum <\/em>wei\u00df ich auch endlich, wie <em>kalt gepresstes Oliven\u00f6l <\/em>konkret herstellt wird. Die gleichfalls mitgenommene <em>Olivenseife <\/em>sch\u00e4umt nicht. Aber sie ist angenehm auf der Haut. Die Reste aus der Oliven\u00f6lproduktion ergeben einen hochwertigen\u00a0<em>Brennstoff <\/em>mit hohem Brennwert. Die Tonne ist f\u00fcr rund 100 <em>Euro <\/em>erh\u00e4ltlich. Und \u00fcberhaupt: <em>Energie.<\/em> Nirgendwo habe ich in den letzten Jahren mehr <em>Solaranlagen<\/em> auf D\u00e4chern gesehen. Eine komplette einfache Anlage ist bereits f\u00fcr 200.&#8211; <em>Euro <\/em>aufw\u00e4rts zu haben. Im windigen Flachland entstehen <em>Windparks<\/em> mit Hilfe von <em>Einspeisungsgesetzen <\/em>nach deutschem Vorbild, das hierzulande die kaputte\u00a0<em>FDP <\/em>gerade kaputt machen will.<\/p>\n<p>Wass ich auch nicht wusste: Jeder t\u00fcrkische Staatsangeh\u00f6rige hat das Recht, beim nationalen Fliegerclub kostenlos seinen Freizeitflugschein zu machen. Egal ob -Segel- oder Drachenfliegen. Einfach Anmelden. Nach circa dreij\u00e4hriger Wartezeit erh\u00e4lt man seinen Kurs. Der hiesige Fliegerclub ist der Reichste der Welt. Und zahlt sogar die Hotelkosten f\u00fcr dessen Flugsch\u00fcler. Wie das? Er hat ein Monopol auf alle beim <em>Opferfest <\/em>anfallenden Tierfelle, die er an die <em>Lederindustrie<\/em> weiter verh\u00f6kert. Diese Einnahmen sind ihm seit <em>Kemal Atat\u00fcrk <\/em>garantiert. Jener war offensichtlich nicht nur Eisenbahnfan, der mit eigenem Salonagen durch die Gegend reiste, sondern auch begeisterter Flieger.<\/p>\n<p>Sein legend\u00e4rer Ruf basiert allerdings auf einer der blutigsten Schlachten des 1. Weltkriegs, als 500.000 Soldaten, vor allem aus dem Commonwealth, an den Dardanellen sinnlos ihr Leben verloren. Die <em>Briten <\/em>scheiterten kl\u00e4glich mit dem Versuch, Istanbul mit Frankreich unter sich aufzuteilen, um die Herrschaft \u00fcbers Schwarze Meer zu erlangen. Seit dieser Zeit und seiner milit\u00e4rischen List ist der Staatsgr\u00fcnder unantastbar.<\/p>\n<p>Was w\u00fcrde Atat\u00fcrk heute zum Vordringen des Islam sagen? Er w\u00e4re sicher skeptisch. Trotz alldem sieht man in der Westt\u00fcrkei weniger Kopft\u00fccher als bei hiesigen <em>\u201eDeutscht\u00fcrken\u201c<\/em>, die im Pendeln zwischen den Welten und durch hoffnungsloses Integrationsversagen des Einwanderungslands <em>Deutschland<\/em> kulturell in Religion fl\u00fcchten.<\/p>\n<p>Nach langj\u00e4hriger politischer Misswirtschaft ist die <em>Mehrheit <\/em>der Bev\u00f6lkerung trotz Durchschnittsalter 27 (<em>Deutschland<\/em> \u00fcber 40) mit ihrem erzkonservativen <em>Erdogan <\/em>als Premier trotz eines Benzinpreises von 1,90 \u20ac\/l durchaus einverstanden. Fr\u00fchere fundamentalistische \u00c4u\u00dferungen von ihm sind via YouTube <em>\u201ein diesem Land nicht <\/em>(mehr)<em> erreichbar\u201c<\/em>. Das gilt auch f\u00fcr diverse andere Websites. Die <em>Internetregulierung<\/em>, sprich: <em>Zensur<\/em>, schreitet z\u00fcgig voran. Die H\u00e4lfte der Bev\u00f6lkerung sieht solche Entwicklungen durchaus skeptisch.<\/p>\n<p><strong>Dialog lohnt sich<\/strong><\/p>\n<p>Es scheint allerdings ein \u00e4hnliches Problem wie in <em>Ungarn <\/em>oder anderen Staaten zu geben, wo gleichfalls nationalistische oder religi\u00f6se Parteien Erfolge feiern. Mit dem dummdreisten <em>Viktor Orb\u00e1n <\/em>sollte man <em>Rezep Erdogan <\/em>dennoch nicht verwechseln. Es fehlt aber wie beim EU-Mitglied <em>Ungarn<\/em> der Opposition schlicht an charismatischen glaubw\u00fcrdigen personellen <em>Alternativen<\/em>. Die politisch sehr selbstbewusste t\u00fcrkische Armee hat wegen aktuell diskutierter Skandale als H\u00fcter von <em>Atat\u00fcrks <\/em>Erbe an Glaubw\u00fcrdigkeit verloren. Eine Reihe von Bombenattentaten der kurdischen <em>PKK <\/em>waren wohl nach heutiger Erkenntnis eher das Eigenwerk t\u00fcrkischer Gener\u00e4le oder Geheimdienste, um Pfr\u00fcnde zu sichern. Die Zeitungen sind voll davon.<\/p>\n<p>Vor allem der wirtschaftliche Erfolg beeindruckt dessen ungeachtet eine stabile Mehrheit. Auch wenn <em>Erdogan <\/em>bereits auf einer durchaus erfolgreichen Vorg\u00e4ngerregierung aufbauen konnte, ist ein <em>Wirtschaftswachstum <\/em>von \u00fcber 10% beachtlich. An allen Ecken wird gebaut. Die <em>Finanzkrise <\/em>erreichte die <em>T\u00fcrkei<\/em> seit eigenen Bankcrashs im Jahre 2001 nicht. Das <em>Stra\u00dfennetz <\/em>verbessert sich sichtbar bis in hinterste Winkel im Osten. Die <em>Inflationsrate <\/em>sank in 10 Jahren von 90 auf ebenfalls 10%. Der Durchschnittsb\u00fcrger ist da (zu Recht) durchaus beeindruckt. Das Selbstbewusstsein w\u00e4chst. Auch gegen\u00fcber der<em> EU<\/em>, deren Probleme mit <em>Griechenland<\/em> im Land mit Schadenfreude registriert wird. Moderne flexible Au\u00dfenpolitik (mit Ausnahme Armeniens) hat die Rolle der <em>T\u00fcrkei <\/em>auch durch deren kritische Israelpolitik vor allem in den <em>arabischen Raum <\/em>hinein gest\u00e4rkt. Dieses Scharnier bietet Chancen f\u00fcr offene T\u00fcren. Die <em>T\u00fcrkei <\/em>kann<em> <\/em>f\u00fcr den <em>arabischen Fr\u00fchling<\/em> wohl eine gr\u00f6\u00dfere Hoffnung als es die wankelm\u00fctigen Europ\u00e4er darstellen.<\/p>\n<p><em>Fazit<\/em>: Es lohnte sich, die <em>T\u00fcrkei <\/em>mit gr\u00f6\u00dferem Interesse und nicht aus dem Blickwinkel hiesiger Integrationsprobleme zu betrachten. Und es lohnt sich, mit gebildeten und weltoffenen Menschen aus diesem Kulturkreis den Dialog zu f\u00fchren. Auch \u00fcber den <em>Islam,<\/em> \u00fcber das Bem\u00fchen um einen <em>\u201emodernen\u201c Islam <\/em>und \u00fcber die Fragen der k\u00fcnftigen deutsch-t\u00fcrkischen Zusammenarbeit. Vielleicht auch \u00fcber <em>&#8222;unseren&#8220;<\/em> Umgang mit <em><strong>den <\/strong>T\u00fcrken<\/em>.<\/p>\n","protected":false},"excerpt":{"rendered":"<p>&nbsp; &nbsp; Ich bin bei den T\u00fcrken. Nein: Nicht im Exil (ein Pirat hatte sich mitf\u00fchlend erkundigt;) Ich bin einfach mal dort, weil so viel von \u201eden T\u00fcrken\u201c die Rede ist. Und weil so viele moderne T\u00fcrken \u00fcber die altmodischen T\u00fcrken in Deutschland l\u00e4stern. Wie auch Deutsche \u00fcber \u201edie\u201c T\u00fcrken. Und umgekehrt. So lernt man [&hellip;]<\/p>\n","protected":false},"author":3,"featured_media":0,"comment_status":"open","ping_status":"open","sticky":false,"template":"","format":"standard","meta":{"footnotes":""},"categories":[1],"tags":[231],"class_list":["post-3229","post","type-post","status-publish","format-standard","hentry","category-allgemein","tag-turkei"],"_links":{"self":[{"href":"https:\/\/www.tauss-gezwitscher.de\/index.php?rest_route=\/wp\/v2\/posts\/3229","targetHints":{"allow":["GET"]}}],"collection":[{"href":"https:\/\/www.tauss-gezwitscher.de\/index.php?rest_route=\/wp\/v2\/posts"}],"about":[{"href":"https:\/\/www.tauss-gezwitscher.de\/index.php?rest_route=\/wp\/v2\/types\/post"}],"author":[{"embeddable":true,"href":"https:\/\/www.tauss-gezwitscher.de\/index.php?rest_route=\/wp\/v2\/users\/3"}],"replies":[{"embeddable":true,"href":"https:\/\/www.tauss-gezwitscher.de\/index.php?rest_route=%2Fwp%2Fv2%2Fcomments&post=3229"}],"version-history":[{"count":18,"href":"https:\/\/www.tauss-gezwitscher.de\/index.php?rest_route=\/wp\/v2\/posts\/3229\/revisions"}],"predecessor-version":[{"id":3242,"href":"https:\/\/www.tauss-gezwitscher.de\/index.php?rest_route=\/wp\/v2\/posts\/3229\/revisions\/3242"}],"wp:attachment":[{"href":"https:\/\/www.tauss-gezwitscher.de\/index.php?rest_route=%2Fwp%2Fv2%2Fmedia&parent=3229"}],"wp:term":[{"taxonomy":"category","embeddable":true,"href":"https:\/\/www.tauss-gezwitscher.de\/index.php?rest_route=%2Fwp%2Fv2%2Fcategories&post=3229"},{"taxonomy":"post_tag","embeddable":true,"href":"https:\/\/www.tauss-gezwitscher.de\/index.php?rest_route=%2Fwp%2Fv2%2Ftags&post=3229"}],"curies":[{"name":"wp","href":"https:\/\/api.w.org\/{rel}","templated":true}]}}