{"id":3197,"date":"2012-02-16T22:38:14","date_gmt":"2012-02-16T21:38:14","guid":{"rendered":"http:\/\/www.tauss-gezwitscher.de\/?p=3197"},"modified":"2012-02-16T23:41:28","modified_gmt":"2012-02-16T22:41:28","slug":"keine-helden","status":"publish","type":"post","link":"https:\/\/www.tauss-gezwitscher.de\/?p=3197","title":{"rendered":"Keine Helden"},"content":{"rendered":"<blockquote><p><em>Ich sage aber auch deutlich, zu keinem Zeitpunkt habe ich in einem meiner \u00f6ffentlichen \u00c4mter jemandem einen unberechtigten Vorteil gew\u00e4hrt. Pers\u00f6nliche Freundschaften sind mir, gerade auch menschlich, wichtig. Sie haben aber meine Amtsf\u00fchrung nicht beeinflusst. Daf\u00fcr stehe ich.<\/em> Christian Wulff am 22.12.11<\/p><\/blockquote>\n<p>Jetzt soll gegen den Bundespr\u00e4sidenten doch ermittelt werden. Der Verdacht: Vorteilsnahme und Vorteilsgew\u00e4hrung.<\/p>\n<p>Einige feiern deshalb bereits die Staatsanwaltschaft wegen deren \u201eMutes\u201c, die Aufhebung der Immunit\u00e4t des Bundespr\u00e4sidenten zu beantragen. Zu Recht? Nein. Wenn eine Staatsanwaltschaft Anhaltspunkte f\u00fcr Ermittlungen sieht, hat sie diese zu ergreifen (\u00a7152 StPO). Und zwar ohne Ansehen der Person. Und ohne Tricks.<\/p>\n<p>Doch die gab es reichlich.<\/p>\n<p>Trotz schwerer Vow\u00fcrfe, bereits im Fall <em>Geerkens<\/em>, wurden keine Ermittlungen aufgenommem. Vielmehr erkl\u00e4rte unmittelbar vor <em>Wulff <\/em>am 22. 12. 11 die <em>Staatsanwaltschaft Hannover<\/em>,<\/p>\n<blockquote><p><em> &#8230;sie habe keine zureichenden tats\u00e4chlichen Anhaltspunkte f\u00fcr das Vorliegen einer Straftat und werde deshalb nicht gegen Wulff ermitteln&#8230;<\/em><\/p><\/blockquote>\n<p>Welch wunderbarer Zufall. Der Herr Bundespr\u00e4sident wirft seinen Vertrauten raus, entschuldigt sich, w\u00fcnscht ein sch\u00f6nes Weihnachtsfest und die Staatsanwaltschaft stellt ein. Alles an einem Tag. Zufall? Wohl eher abgekartetes Spiel.<\/p>\n<p>Zu diesem Zeitpunkt lagen 20 <em>Strafanzeigen<\/em> vor. Auch dies hinderte die nieders\u00e4chsische Justiz nicht, die obige Erkl\u00e4rung im Januar 2012 zu wiederholen. Zu diesem Zeitpunkt gab es bereits heftige Kritik am Verhalten der Strafverfolger.<\/p>\n<p>Schon am 14. 1. 2012 befragte &#8211; sicher nicht nur ich &#8211; Staatsanw\u00e4ltin <em>Sillinger <\/em>als deren Pressesprecherin,\u00a0ob man nicht endlich zu handeln gedenke. In <em>Hannover <\/em>stellte man sich mausetot. Und nun heute der Paukenschlag. Ungew\u00f6hnlich ist auch die Vorabmeldung eines Antrags auf Aufhebung der Immunit\u00e4t. Allein zur Vermeidung der Beseitigung von Beweismitteln wird dieser Antrag normalerweise <em>nicht <\/em>bekanntgegeben. Ich sass einige Jahre im <em><a href=\" http:\/\/www.bundestag.de\/bundestag\/ausschuesse17\/a01\/index.jsp\">Immunit\u00e4tsausschuss des Bundestages. <\/a><\/em><\/p>\n<p>Offensichtlich wurde einigen Staatsanw\u00e4lten der Boden nun doch zu hei\u00df. Nach immer neuen Vorw\u00fcrfen gab es keine Ausreden mehr, gegen <em>Wulff <\/em><strong>nicht <\/strong>zu ermitteln. Dies h\u00e4tte so langsam nach <em>Strafvereitelung <\/em>ausgesehen. Auch Staatsanw\u00e4lte k\u00f6nnen belangt werden. Immerhin ist bereits der Versuch strafbar.<\/p>\n<p>Denn gestern erschien offiziell der <a href=\" http:\/\/rsw.beck.de\/rsw\/upload\/NVwZ\/NVwZ-Extra_2012_03.pdf\">Aufsatz von <em>Hans Herbert von Arnim<\/em><\/a><em>.<\/em> Lesenswert- auch f\u00fcr Nichtjuristen! Ein Knaller.<\/p>\n<p>Heute also handelten die Herrschaften in Hannover. Das Dach muss lichterloh brennen.<\/p>\n<p>Als mutige K\u00e4mpfer um Aufkl\u00e4rung taugen <em>diese <\/em>Staatsanw\u00e4lte also nicht. Allein Staatsrechtlern wie <em>von Arnim<\/em>, einer zunehmend emp\u00f6rten \u00d6ffentlichkeit und investigativen <em>Journalisten<\/em> ist es zu verdanken, dass die Aff\u00e4re <em>Wulff <\/em>mit dem 22. 12. 2011 nicht zu Ende war. Letzteres muss zur Ehre des Berufsstands auch mal wieder gesagt werden. F\u00fcr Staatsanw\u00e4lte aber war das Thema bereits erledigt. Wir sind Helden k\u00f6nnen daher andere singen.<\/p>\n","protected":false},"excerpt":{"rendered":"<p>Ich sage aber auch deutlich, zu keinem Zeitpunkt habe ich in einem meiner \u00f6ffentlichen \u00c4mter jemandem einen unberechtigten Vorteil gew\u00e4hrt. Pers\u00f6nliche Freundschaften sind mir, gerade auch menschlich, wichtig. Sie haben aber meine Amtsf\u00fchrung nicht beeinflusst. Daf\u00fcr stehe ich. Christian Wulff am 22.12.11 Jetzt soll gegen den Bundespr\u00e4sidenten doch ermittelt werden. Der Verdacht: Vorteilsnahme und Vorteilsgew\u00e4hrung. [&hellip;]<\/p>\n","protected":false},"author":3,"featured_media":0,"comment_status":"open","ping_status":"open","sticky":false,"template":"","format":"standard","meta":{"footnotes":""},"categories":[1],"tags":[216],"class_list":["post-3197","post","type-post","status-publish","format-standard","hentry","category-allgemein","tag-wulff"],"_links":{"self":[{"href":"https:\/\/www.tauss-gezwitscher.de\/index.php?rest_route=\/wp\/v2\/posts\/3197","targetHints":{"allow":["GET"]}}],"collection":[{"href":"https:\/\/www.tauss-gezwitscher.de\/index.php?rest_route=\/wp\/v2\/posts"}],"about":[{"href":"https:\/\/www.tauss-gezwitscher.de\/index.php?rest_route=\/wp\/v2\/types\/post"}],"author":[{"embeddable":true,"href":"https:\/\/www.tauss-gezwitscher.de\/index.php?rest_route=\/wp\/v2\/users\/3"}],"replies":[{"embeddable":true,"href":"https:\/\/www.tauss-gezwitscher.de\/index.php?rest_route=%2Fwp%2Fv2%2Fcomments&post=3197"}],"version-history":[{"count":13,"href":"https:\/\/www.tauss-gezwitscher.de\/index.php?rest_route=\/wp\/v2\/posts\/3197\/revisions"}],"predecessor-version":[{"id":3205,"href":"https:\/\/www.tauss-gezwitscher.de\/index.php?rest_route=\/wp\/v2\/posts\/3197\/revisions\/3205"}],"wp:attachment":[{"href":"https:\/\/www.tauss-gezwitscher.de\/index.php?rest_route=%2Fwp%2Fv2%2Fmedia&parent=3197"}],"wp:term":[{"taxonomy":"category","embeddable":true,"href":"https:\/\/www.tauss-gezwitscher.de\/index.php?rest_route=%2Fwp%2Fv2%2Fcategories&post=3197"},{"taxonomy":"post_tag","embeddable":true,"href":"https:\/\/www.tauss-gezwitscher.de\/index.php?rest_route=%2Fwp%2Fv2%2Ftags&post=3197"}],"curies":[{"name":"wp","href":"https:\/\/api.w.org\/{rel}","templated":true}]}}