{"id":3066,"date":"2012-01-13T19:22:19","date_gmt":"2012-01-13T18:22:19","guid":{"rendered":"http:\/\/www.tauss-gezwitscher.de\/?p=3066"},"modified":"2012-01-18T23:58:45","modified_gmt":"2012-01-18T22:58:45","slug":"guttenberg-telefoniert-mit-urbach","status":"publish","type":"post","link":"https:\/\/www.tauss-gezwitscher.de\/?p=3066","title":{"rendered":"Guttenberg telefoniert mit Urbach!"},"content":{"rendered":"<p><span style=\"color: #ff0000;\">Satire<\/span><\/p>\n<p><em>Karl Theodor Maria Silvester etc. Freiherrr von und zu Guttenberg<\/em>, <a href=\"http:\/\/www.heise.de\/tp\/artikel\/36\/36252\/1.html\"><em>EU<\/em>-Beauftragter f\u00fcr die Freiheit des Internets<\/a>, hat <em>Stefan Urbach<\/em>, staatsm\u00e4nnischer <em>Internet-Aktivist<\/em> und Angestellter der Berliner <em>Piratenfraktion<\/em>, angerufen!<\/p>\n<p>Selbst der\u00a0<a href=\"http:\/\/www.spiegel.de\/politik\/deutschland\/0,1518,808523,00.html\">SPIEGEL berichtete!<\/a><\/p>\n<p>Beide haben sich nach diesen Meldungen zu einem Fachgespr\u00e4ch \u00fcber Internetfreiheit verabredet. Hier das \u00fcberraschend aufgetauchte geleakte <em><strong>Wortprotokoll <\/strong><\/em>des denkw\u00fcrdigen historischen Gespr\u00e4chs:&#8230;..<!--more--><\/p>\n<p><strong>&#8230;Klingelton&#8230;D\u00fcdeld\u00fc\u00fc\u00fc&#8230;D\u00fcdeld\u00fc\u00fc&#8230;.<\/strong><\/p>\n<p><strong>Urbach<\/strong>:..Hi, hier ist der Stephan&#8230;Was geht?&#8230;.Wer st\u00f6rt?&#8230;<\/p>\n<p><strong>Guttenberg<\/strong>:..\u00c4h&#8230;Guten Tag, hier Guttenberg&#8230;<\/p>\n<p><strong>Urbach<\/strong>:&#8230;Hi, was kann ich f\u00fcr Dich tun?<\/p>\n<p><strong>Guttenberg<\/strong>:..\u00c4h&#8230;.Kennen wir uns..?<\/p>\n<p><strong>Urbach<\/strong>:..Du hast Doch gerade angerufen&#8230;?<\/p>\n<p><strong>Guttenberg<\/strong>:&#8230;\u00c4h&#8230;ja&#8230;stimmt. Sie hatten mir geschrieben&#8230;H\u00e4tten Sie einen Moment&#8230;?<\/p>\n<p><strong>Urbach<\/strong>:..Kein Problem, suche nur gerade meine Hose&#8230;.<\/p>\n<p><strong>Guttenberg<\/strong>:&#8230;Oh..Pardon&#8230;soll ich sp\u00e4ter noch mal&#8230;?<\/p>\n<p><strong>Urbach<\/strong>:&#8230;N\u00f6! Kein Problem. Zieh\u2018 mir gerade ne andere \u00fcber. Aber um was geht\u2018s?&#8230;<\/p>\n<p><strong>Guttenberg<\/strong>:..Ich melde mich <a href=\"http:\/\/interfax.werebuild.eu\/2011\/12\/13\/an-invitation-to-mr-guttenberg\/\">wegen Ihres Schreibens,<\/a> das mich jetzt erreicht hat&#8230;.<\/p>\n<p><strong>Urbach<\/strong>:&#8230;eigentlich schreibe ich keine Briefe&#8230;.Aus welchem Bezirk bist Du denn?&#8230;.<\/p>\n<p><strong>Guttenberg<\/strong>:&#8230; \u00c4h&#8230;mein Name ist Freiher von und zu G.U.T.T.E.N.B.E.R.G , der aus den USA, Franken, Berlin und Br\u00fcssel.<\/p>\n<p><strong>Urbach<\/strong>:&#8230;(erhebt sich, Hose f\u00e4llt vor Schreck)&#8230;Doch nicht DER G.U.T.T.E.N.B.E.R.G&#8230; ?!? Der mit der @Pornosteffi?<\/p>\n<p><strong>Guttenberg<\/strong>:&#8230;(indigniert)&#8230;Doch. Meine Gattin l\u00e4sst auch gr\u00fc\u00dfen. Sie haben sich k\u00fcrzlich \u00fcbrigens auch so nett mit deren und Ihren neuen Freuden von der Deutschen Kinderhilfe unterhalten. Sie wissen doch: Die uns bei den Internetsperren immer so lieb unterst\u00fctzt haben&#8230;&#8230;.<\/p>\n<p><strong>Urbach<\/strong>:&#8230;(jovial)&#8230;Man kann sich ja mal irren. Und so ernst habe ich das damals ja nicht gemeint&#8230;Sperren kann man schon mal ohne Grund&#8230;Kenne das aus fr\u00fcherer T\u00e4tigkeit.<\/p>\n<p><strong>Guttenberg<\/strong>:&#8230;Sehe schon, mein Lieber, wir verstehen uns offensichtlich&#8230;<\/p>\n<p><strong>Urbach<\/strong>:..Klar&#8230;Wissen Sie. Ich bin ja gar nicht so.<\/p>\n<p><strong>Guttenberg<\/strong>:&#8230;Das habe ich von Herrn Altmaier auch schon geh\u00f6rt. Sch\u00f6nen Gru\u00df. Man k\u00f6nne sich mit Ihnen gut \u00fcber Vorratsdatenspeicherung unterhalten&#8230;Sie h\u00e4tten Manieren&#8230;<\/p>\n<p><strong>Urbach<\/strong>:&#8230;Klar&#8230;Ich bin ja gar nicht so. Und das mit dem gef\u00e4rbten Haar ist auch nur halt so&#8230;<\/p>\n<p><strong>Guttenberg<\/strong>:&#8230;(lacht)&#8230;Wer h\u00e4tte sich nicht schon mal die Haare gef\u00e4rbt&#8230;Guter Ton (lacht)<\/p>\n<p><strong>Urbach<\/strong>:&#8230;(jetzt mit Hose)&#8230; Meine Str\u00e4hne ist gerade lila. Bei Ihnen?<\/p>\n<p><strong>Guttenberg<\/strong>:&#8230;(lacht laut)&#8230;: <a href=\"http:\/\/twitpic.com\/7sxu6c\">Habe meine Frisur nun auch ge\u00e4ndert.<\/a>.. Zur Sache: Wollen wir uns nach Ihrem netten Brief nicht mal treffen?&#8230;<\/p>\n<p><strong>Urbach<\/strong>:&#8230;\u00e4hhh&#8230;SIE und ICH? ICH und SIE? ECHT?<\/p>\n<p><strong>Guttenberg<\/strong>:&#8230;(schmunzelt jovial) Aber, aber&#8230;Bin doch auch nur ein Mensch&#8230;Kein Engel&#8230;Sagt zumindest Nelli von der EU-Kommission..<\/p>\n<p><strong>Urbach<\/strong>:..(aufgeregt)&#8230;Ja. Habe ich im Fernsehen gesehen. War ganz, ganz toll. Sie und die Kommissarin. Und jetzt treffe ich immer mehr auf Menschen, die mich anrufen, die ich, die ICH, sogar schon im Fernsehen gesehen habe. Erst neulich den Lauer. Und jetzt Sie&#8230;.<\/p>\n<p><strong>Guttenberg<\/strong>:&#8230;Wer ist Herr Lauer?<\/p>\n<p><strong>Urbach<\/strong>:&#8230;.Der ist auch ganz ganz toll. Und der hat mich f\u00fcrs Berliner Abgeordnetenhaus eingestellt. Wegen meiner Qualifikation&#8230;.<\/p>\n<p><strong>Guttenberg<\/strong>&#8230;(leicht beleidigt)&#8230;An meiner Qualifikation f\u00fcr meinen EU-Job haben Sie k\u00fcrzlich gezweifelt&#8230;.<\/p>\n<p><strong>Urbach<\/strong>:&#8230;(stark verunsichert)&#8230;Echt? Sorry. Ach, das war doch auch nicht so gemeint. Wissen Sie: Als Pirat wird man ja immer in so Rollen gedr\u00e4ngt. Aber eigentlich bin ich gar nicht so. Herrn Altmaier habe ich k\u00fcrzlich IM BUNDESTAG, ja, IM BUNDESTAG, im B\u00fcro, die ganzen Pl\u00e4tzchen weggegessen und dabei festgestellt, dass die CDU ja auch nicht so ist, also nicht so nicht ist, also nicht so wie so wie ich auch nicht bin, also&#8230;<\/p>\n<p><strong>Guttenberg<\/strong>: &#8230;(unterbricht ernst)&#8230; Man ist selten was man vorgibt zu sein&#8230;Ich kenne das!<\/p>\n<p><strong>Urbach<\/strong>:&#8230;(strahlt)&#8230;Ja. Und deshalb rufen Sie mich an&#8230;SIE MICH ! Meine Mutter ist aber nur b\u00fcrgerlich. Wenn ich ihr das erz\u00e4hlen k\u00f6nnte&#8230;.Wie muss ich Sie eigentlich anreden? Mit Hoheit?<\/p>\n<p><strong>Guttenberg<\/strong>:&#8230; Baron oder Guttenberg gen\u00fcgt unter uns&#8230;.Gr\u00fc\u00dfen Sie Ihre Frau Mutter&#8230;.Sie hat einen reizenden Sohn&#8230;.<\/p>\n<p><strong>Urbach<\/strong>:&#8230;(immer mehr strahlend)&#8230;Alle freuen sich ganz toll wenn man so was von mir sagt&#8230;<\/p>\n<p><strong>Guttenberg<\/strong>:&#8230;.Nochmals zu Ihrem Brief. Klartext: Wo treffen wir uns jetzt? Vorschlag?<\/p>\n<p><strong>Urbach<\/strong>:&#8230;(..noch immer um Fassung ringend)&#8230;SIE UND ICH? ICH UND SIE? RICHTIG TREFFEN? Wie mit dem Altmaier?<\/p>\n<p><strong>Guttenberg<\/strong>: &#8230;Klar&#8230;.Wissen Sie: Wir wollen irgendwie vertuschen, \u00e4h dar\u00fcber hinwegsehen, dass die EU- \u00dcberwachungssoftware exportiert. Deshalb soll ich&#8230;..<\/p>\n<p><strong>Urbach<\/strong>:&#8230;Aber das wei\u00df ich doch&#8230;Bin doch gar nicht so&#8230;Treffen WO? Gibt\u2018s Pl\u00e4tzchen?<\/p>\n<p><strong>Guttenberg<\/strong>:&#8230;Aber ja doch, mein Lieber! So viel Sie wollen! Wir holen auch die Presse dazu.<\/p>\n<p><strong>Urbach<\/strong>:..Die Presse? Echt? So mit Kamera und so? Ich dann auch&#8230;.. im Fernsehen?!?<\/p>\n<p><strong>Guttenberg<\/strong>:&#8230;.Klar&#8230;.Ist doch in meinem Interesse, mich selbst mit Minderheiten, \u00e4hhh ich meine den Mehrheiten der Netzgemeinde treffen zu k\u00f6nnen.<\/p>\n<p><strong>Urbach<\/strong>:&#8230;Da haben Sie recht. Ich bin ja schon die ganze Community. Was soll ich der Presse nur sagen? Mann, da wird der Lauer aber mal staunen.<\/p>\n<p><strong>Guttenberg<\/strong>:&#8230;(nachdenklich)&#8230; Ach so&#8230;. Hmm&#8230;Sagen sie einfach, der Guttenberg macht nen guten Job und sie h\u00e4tten nie gedacht, wie nett und kompetent der ist. Ginge das?<\/p>\n<p><strong>Urbach<\/strong>:&#8230;Klar! Kein Problem! Mach\u2018 ich doch! War doch auch schon beim Altmaier so. Politiker haben es total schwer. Treffen wir uns bei Ihnen im Schloss?<\/p>\n<p><strong>Guttenberg<\/strong>:&#8230;So Anfang Ferbuar? Br\u00fcssel w\u00e4re mir lieber. Dorthin zahlt mir die EU die Fahrtkosten. Aber ich kann Sie gerne mit EU-Chauffeur abholen lassen.<\/p>\n<p><strong>Urbach<\/strong>:&#8230;Echt? Chauffeur? Hier haben wir ja nur Fahrr\u00e4der.Toll. Ich freue mich WAHHNNNSINNIG. Februar ist gut. K\u00f6nnte nat\u00fcrlich auch sofort. Aber echt: Ich kann sehr unbequem sein. Das m\u00fcssen Sie jetzt schon wissen, wissen Sie?<\/p>\n<p><strong>Guttenberg<\/strong>:&#8230;Aber selbstverst\u00e4ndlich. Das habe ich doch schon Ihrem Brief entnommen.<\/p>\n<p><strong>Urbach<\/strong>:&#8230;Genau: Dann wissen Sie\u2018s ja. Aber den habe ich dennoch nicht so gemeint&#8230;<\/p>\n<p><strong>Guttenberg<\/strong>:&#8230; Also, Sie h\u00f6ren von mir&#8230;<\/p>\n<p><strong>Urbach<\/strong>:&#8230;(strahlt)&#8230;Toll. Das schreib\u2018 ich gleich in meinem Blog, dass ICH UND SIE..Und Presse. Wow&#8230;.<\/p>\n<p><strong>Guttenberg:<\/strong>&#8230;(lacht) o ja&#8230;. muss auch noch etwas f\u00fcr die Freiheit meiner Stiftung bloggen&#8230;riesige \u201eto-do-Liste\u201c&#8230;.AUF WIEDERH\u00d6REN (legt auf)<\/p>\n<p>EU-Kommissarin <strong>Nelli Kroes <\/strong>betritt das B\u00fcro: &#8230;Na mein kleines Fachm\u00e4nnchen, so gut drauf?<\/p>\n<p><strong>Guttenberg<\/strong>: &#8230;Hatte ein nettes Gespr\u00e4ch. Piraten sind gar nicht so&#8230;.<\/p>\n<p><strong>Nelli Kroes<\/strong>: ..leicht verwirrt)&#8230;Wollte mit Dir mal reden, wie wir die Leute wegen der verfolgten Blogger und der \u00dcberwachungssoftware weiter verarschen&#8230;<\/p>\n<p><strong>Guttenberg<\/strong>: &#8230;Denn mal zu&#8230;Aber VERARSCHEN sagt man doch nicht&#8230;Sagt Steffi immer&#8230;Was sollen die Kinder denken&#8230;(beide kichern)&#8230;<\/p>\n<p>&#8230;Das <em>Protokoll <\/em>bricht an dieser Stelle ab&#8230;.<\/p>\n<p><strong><em>Nachtrag:<\/em><\/strong> Nach bislang unbest\u00e4tigten Informationen aus dem Berliner <em>Abgeordnetenhaus<\/em> will <em>Urbach <\/em>zur medialen Vorbereitung seiner angek\u00fcndigten <em>Bundestagskandidatur <\/em>demn\u00e4chst nun aber auch die <em>nordkoreanische Staatsf\u00fchrung,<\/em> den <em>Papst<\/em>, <em>Justin D. Bieber, Vladimir Putin <\/em>und den amtierenden <em>Bundespr\u00e4sidenten<\/em> anschreiben. Wir berichten weiter!<\/p>\n","protected":false},"excerpt":{"rendered":"<p>Satire Karl Theodor Maria Silvester etc. Freiherrr von und zu Guttenberg, EU-Beauftragter f\u00fcr die Freiheit des Internets, hat Stefan Urbach, staatsm\u00e4nnischer Internet-Aktivist und Angestellter der Berliner Piratenfraktion, angerufen! Selbst der\u00a0SPIEGEL berichtete! Beide haben sich nach diesen Meldungen zu einem Fachgespr\u00e4ch \u00fcber Internetfreiheit verabredet. Hier das \u00fcberraschend aufgetauchte geleakte Wortprotokoll des denkw\u00fcrdigen historischen Gespr\u00e4chs:&#8230;..<\/p>\n","protected":false},"author":3,"featured_media":0,"comment_status":"open","ping_status":"open","sticky":false,"template":"","format":"standard","meta":{"footnotes":""},"categories":[1],"tags":[131,220],"class_list":["post-3066","post","type-post","status-publish","format-standard","hentry","category-allgemein","tag-guttenberg","tag-urbach"],"_links":{"self":[{"href":"https:\/\/www.tauss-gezwitscher.de\/index.php?rest_route=\/wp\/v2\/posts\/3066","targetHints":{"allow":["GET"]}}],"collection":[{"href":"https:\/\/www.tauss-gezwitscher.de\/index.php?rest_route=\/wp\/v2\/posts"}],"about":[{"href":"https:\/\/www.tauss-gezwitscher.de\/index.php?rest_route=\/wp\/v2\/types\/post"}],"author":[{"embeddable":true,"href":"https:\/\/www.tauss-gezwitscher.de\/index.php?rest_route=\/wp\/v2\/users\/3"}],"replies":[{"embeddable":true,"href":"https:\/\/www.tauss-gezwitscher.de\/index.php?rest_route=%2Fwp%2Fv2%2Fcomments&post=3066"}],"version-history":[{"count":11,"href":"https:\/\/www.tauss-gezwitscher.de\/index.php?rest_route=\/wp\/v2\/posts\/3066\/revisions"}],"predecessor-version":[{"id":3092,"href":"https:\/\/www.tauss-gezwitscher.de\/index.php?rest_route=\/wp\/v2\/posts\/3066\/revisions\/3092"}],"wp:attachment":[{"href":"https:\/\/www.tauss-gezwitscher.de\/index.php?rest_route=%2Fwp%2Fv2%2Fmedia&parent=3066"}],"wp:term":[{"taxonomy":"category","embeddable":true,"href":"https:\/\/www.tauss-gezwitscher.de\/index.php?rest_route=%2Fwp%2Fv2%2Fcategories&post=3066"},{"taxonomy":"post_tag","embeddable":true,"href":"https:\/\/www.tauss-gezwitscher.de\/index.php?rest_route=%2Fwp%2Fv2%2Ftags&post=3066"}],"curies":[{"name":"wp","href":"https:\/\/api.w.org\/{rel}","templated":true}]}}