{"id":2788,"date":"2011-10-28T00:27:35","date_gmt":"2011-10-27T22:27:35","guid":{"rendered":"http:\/\/www.tauss-gezwitscher.de\/?p=2788"},"modified":"2011-10-28T06:50:37","modified_gmt":"2011-10-28T04:50:37","slug":"strippenzieher","status":"publish","type":"post","link":"https:\/\/www.tauss-gezwitscher.de\/?p=2788","title":{"rendered":"Strippenzieher"},"content":{"rendered":"<p>Mit dem Artikel auf <a href=\"http:\/\/www.gulli.com\/news\/17409-die-strippenzieher-wenn-zusammen-kommt-was-nicht-zusammen-gehoert-2011-10-27 \"><em>Gulli <\/em>(&#8222;Die Strippenzieher&#8220;) <\/a>ist es noch nicht getan. Interessant w\u00e4re zu erfahren, welche Firmen und Einzelpersonen Mitglied von\u00a0<em><a href=\"https:\/\/gesa-network.de\/\">GESA e.V. <\/a><\/em>sind. Die \u00fcber 80 Mitglieder setzen sich nach Angaben von GESA<em> <\/em>(wie der Vorstand) <em>aus Vertretern der Bedarfstr\u00e4ger, der Forschung, der Wirtschaft und der Politik zusammen.<\/em><\/p>\n<p><em> <\/em>Au\u00dferdem wollte ich vom <em>Bundestagspr\u00e4sidenten<\/em> erfahren, ob er billigt, dass <em>Lobbyisten <\/em>direkt in den R\u00e4umen des <em>Deutschen Bundestages<\/em> ihre B\u00fcros betreiben und hierf\u00fcr dann auch die <em>Infrastruktur <\/em>des Parlaments in Anspruch nehmen. Weiterhin will ich wissen, ob bekannt ist, wie viele Vereine von Lobbyisten unter dem Dach des Bundestages kampieren. Da die Antwort schon tagelang aussteht habe ich heute an <em>Professor Lammert <\/em>eine neue Anfrage gem\u00e4\u00df \u00a7\u00a7 1 und 7 <em>Informationsfreiheitsgesetz (IFG)<\/em> gestellt:<\/p>\n<blockquote><p><em>Sehr geehrter Herr Pr\u00e4sident, werter Ex-Kollege Dr. Lammert,<\/em><\/p>\n<p><em>die GESA ist eine Vereinigung mit dem Ziel, Akteure der inneren Sicherheit auf dem Gebiete von Wirtschaft, Forschung und Politik zusammen zu bringen. Hier finden Sie, sofern Ihnen der Verein nicht bekannt ist, \u00a0n\u00e4here Infos zum Thema GESA<\/em><\/p>\n<p><a href=\"https:\/\/gesa-network.de\/ziele.html\"><em>https:\/\/gesa-network.de\/ziele.html<\/em><\/a><\/p>\n<p><em>Vorsitzender ist Ihr Parteifreund im Europ\u00e4ischen Parlament,\u00a0<a href=\"https:\/\/gesa-network.de\/dr-christian-ehler.html\">Dr. Christian Ehler<\/a> .<\/em><\/p>\n<p><em>Als sein Stellvertreter wirkt der innenpolitischeSprecher der CDU\/CSU- Bundestagsfraktion, unser sehr gesch\u00e4tzter Dr. Uhl. Diese Lobbyt\u00e4tigkeit wurde von ihm auch im Handbuch ver\u00f6ffentlicht.<\/em><\/p>\n<p><em>Bemerkenswert ist allerdings, dass ausweislich des Impressums die GESA in den R\u00e4umen des Deutschen Bundestages ihren Sitz hat und sich so offensichtlich auch der Logistik des Parlaments bedient.<\/em><\/p>\n<p><em>GESA &#8211; German European Security Association e.V. <\/em><\/p>\n<p><em>c\/o Dr. Christian Ehler, MdEP<\/em><\/p>\n<p><em><strong>Platz der Republik 1\u00a0D-11011 Berlin<\/strong><\/em><\/p><\/blockquote>\n<p>Konkret (als Nachfrage): Billigt der Pr\u00e4sident und der Deutsche Bundestag selbst die Tatsache, dass unter dem Dach des Deutschen Bundestages Vereinigungen von Lobbyisten Abgeordnetenb\u00fcros als deren B\u00fcros und somit auch die Logistik des Deutschen Bundestages nutzen? Welche Erkenntnisse \u00fcber solche Vereine und deren Zahl liegen vor?<\/p>\n","protected":false},"excerpt":{"rendered":"<p>Mit dem Artikel auf Gulli (&#8222;Die Strippenzieher&#8220;) ist es noch nicht getan. Interessant w\u00e4re zu erfahren, welche Firmen und Einzelpersonen Mitglied von\u00a0GESA e.V. sind. Die \u00fcber 80 Mitglieder setzen sich nach Angaben von GESA (wie der Vorstand) aus Vertretern der Bedarfstr\u00e4ger, der Forschung, der Wirtschaft und der Politik zusammen. Au\u00dferdem wollte ich vom Bundestagspr\u00e4sidenten erfahren, [&hellip;]<\/p>\n","protected":false},"author":3,"featured_media":0,"comment_status":"open","ping_status":"open","sticky":false,"template":"","format":"standard","meta":{"footnotes":""},"categories":[1],"tags":[84,204,110],"class_list":["post-2788","post","type-post","status-publish","format-standard","hentry","category-allgemein","tag-bundestag","tag-informationsfreiheitsgesetz","tag-lobbyisten"],"_links":{"self":[{"href":"https:\/\/www.tauss-gezwitscher.de\/index.php?rest_route=\/wp\/v2\/posts\/2788","targetHints":{"allow":["GET"]}}],"collection":[{"href":"https:\/\/www.tauss-gezwitscher.de\/index.php?rest_route=\/wp\/v2\/posts"}],"about":[{"href":"https:\/\/www.tauss-gezwitscher.de\/index.php?rest_route=\/wp\/v2\/types\/post"}],"author":[{"embeddable":true,"href":"https:\/\/www.tauss-gezwitscher.de\/index.php?rest_route=\/wp\/v2\/users\/3"}],"replies":[{"embeddable":true,"href":"https:\/\/www.tauss-gezwitscher.de\/index.php?rest_route=%2Fwp%2Fv2%2Fcomments&post=2788"}],"version-history":[{"count":11,"href":"https:\/\/www.tauss-gezwitscher.de\/index.php?rest_route=\/wp\/v2\/posts\/2788\/revisions"}],"predecessor-version":[{"id":2810,"href":"https:\/\/www.tauss-gezwitscher.de\/index.php?rest_route=\/wp\/v2\/posts\/2788\/revisions\/2810"}],"wp:attachment":[{"href":"https:\/\/www.tauss-gezwitscher.de\/index.php?rest_route=%2Fwp%2Fv2%2Fmedia&parent=2788"}],"wp:term":[{"taxonomy":"category","embeddable":true,"href":"https:\/\/www.tauss-gezwitscher.de\/index.php?rest_route=%2Fwp%2Fv2%2Fcategories&post=2788"},{"taxonomy":"post_tag","embeddable":true,"href":"https:\/\/www.tauss-gezwitscher.de\/index.php?rest_route=%2Fwp%2Fv2%2Ftags&post=2788"}],"curies":[{"name":"wp","href":"https:\/\/api.w.org\/{rel}","templated":true}]}}