{"id":2593,"date":"2011-08-21T18:11:54","date_gmt":"2011-08-21T16:11:54","guid":{"rendered":"http:\/\/www.tauss-gezwitscher.de\/?p=2593"},"modified":"2011-08-21T18:12:27","modified_gmt":"2011-08-21T16:12:27","slug":"fragen-an-das-bka","status":"publish","type":"post","link":"https:\/\/www.tauss-gezwitscher.de\/?p=2593","title":{"rendered":"Fragen an das BKA"},"content":{"rendered":"<p>Merkw\u00fcrdig, dass ich im Urlaub die Fragen stelle, die eigentlich vom SPIEGEL oder von Parlamentariern gestellt werden m\u00fcssten:<\/p>\n<blockquote><p><em>Sehr geehrte Damen und Herren,<\/em><\/p>\n<p><em>gem\u00e4\u00df eines Berichts des Magazins \u201eSpiegel\u201c \u00fcbt der Pr\u00e4sident des BKA in Sachen Vorratsdatenspeicherung Druck auf die FDP aus. Teilt das BKA diese Ansicht und h\u00e4lt es das Amt f\u00fcr opportun, auf parlamentarische Entscheidungsprozesse bzw. eine (Regierungs-) Fraktion Druck auszu\u00fcben?<\/em><\/p>\n<p><em>Wie bewertet das BKA ansonsten diese Darstellung des Spiegel?<\/em><\/p>\n<p><a href=\"http:\/\/www.spiegel.de\/spiegel\/vorab\/0,1518,781350,00.html\"><em>http:\/\/www.spiegel.de\/spiegel\/vorab\/0,1518,781350,00.html<\/em><\/a><\/p>\n<p><em>Handelt es sich dessen ungeachtet bei dem vom Spiegel dargestellten Vorgang um 15 Verd\u00e4chtige oder um 15 verd\u00e4chtige IP-Adressen? Aus welchem Zeitraum stammen die vom FBI ermittelten IP-Adressen? Sind sie auch erst Anfang August entstanden oder zu welchem Zeitpunkt?<\/em><\/p>\n<p><em>Besten Dank f\u00fcr Ihre freundliche Antwort<\/em><\/p>\n<p><em> Mit freundlichen Gr\u00fc\u00dfen<\/em><\/p>\n<p><em>J\u00f6rg Tauss<\/em><\/p><\/blockquote>\n","protected":false},"excerpt":{"rendered":"<p>Merkw\u00fcrdig, dass ich im Urlaub die Fragen stelle, die eigentlich vom SPIEGEL oder von Parlamentariern gestellt werden m\u00fcssten: Sehr geehrte Damen und Herren, gem\u00e4\u00df eines Berichts des Magazins \u201eSpiegel\u201c \u00fcbt der Pr\u00e4sident des BKA in Sachen Vorratsdatenspeicherung Druck auf die FDP aus. Teilt das BKA diese Ansicht und h\u00e4lt es das Amt f\u00fcr opportun, auf [&hellip;]<\/p>\n","protected":false},"author":3,"featured_media":0,"comment_status":"open","ping_status":"open","sticky":false,"template":"","format":"standard","meta":{"footnotes":""},"categories":[1],"tags":[19,63],"class_list":["post-2593","post","type-post","status-publish","format-standard","hentry","category-allgemein","tag-bka","tag-vorratsdatenspeicherung"],"_links":{"self":[{"href":"https:\/\/www.tauss-gezwitscher.de\/index.php?rest_route=\/wp\/v2\/posts\/2593","targetHints":{"allow":["GET"]}}],"collection":[{"href":"https:\/\/www.tauss-gezwitscher.de\/index.php?rest_route=\/wp\/v2\/posts"}],"about":[{"href":"https:\/\/www.tauss-gezwitscher.de\/index.php?rest_route=\/wp\/v2\/types\/post"}],"author":[{"embeddable":true,"href":"https:\/\/www.tauss-gezwitscher.de\/index.php?rest_route=\/wp\/v2\/users\/3"}],"replies":[{"embeddable":true,"href":"https:\/\/www.tauss-gezwitscher.de\/index.php?rest_route=%2Fwp%2Fv2%2Fcomments&post=2593"}],"version-history":[{"count":3,"href":"https:\/\/www.tauss-gezwitscher.de\/index.php?rest_route=\/wp\/v2\/posts\/2593\/revisions"}],"predecessor-version":[{"id":2596,"href":"https:\/\/www.tauss-gezwitscher.de\/index.php?rest_route=\/wp\/v2\/posts\/2593\/revisions\/2596"}],"wp:attachment":[{"href":"https:\/\/www.tauss-gezwitscher.de\/index.php?rest_route=%2Fwp%2Fv2%2Fmedia&parent=2593"}],"wp:term":[{"taxonomy":"category","embeddable":true,"href":"https:\/\/www.tauss-gezwitscher.de\/index.php?rest_route=%2Fwp%2Fv2%2Fcategories&post=2593"},{"taxonomy":"post_tag","embeddable":true,"href":"https:\/\/www.tauss-gezwitscher.de\/index.php?rest_route=%2Fwp%2Fv2%2Ftags&post=2593"}],"curies":[{"name":"wp","href":"https:\/\/api.w.org\/{rel}","templated":true}]}}