{"id":2391,"date":"2011-07-11T20:12:21","date_gmt":"2011-07-11T18:12:21","guid":{"rendered":"http:\/\/www.tauss-gezwitscher.de\/?p=2391"},"modified":"2011-07-17T17:08:27","modified_gmt":"2011-07-17T15:08:27","slug":"bahn-fahrrad-tauss-erlebnisse","status":"publish","type":"post","link":"https:\/\/www.tauss-gezwitscher.de\/?p=2391","title":{"rendered":"Bahn, Fahrrad &#038; Tauss: Erlebnisse"},"content":{"rendered":"<p>Ich will im August nach Berlin. Eigentlich kein Problem. Aber ich will der besseren Mobilit\u00e4t geschuldet mit dem Fahrrad nach Berlin. Schlie\u00dflich ist Sommer und auch das Umland will mal entdeckt sein. So stellte ich es mir vor. Und schon habe ich ein Problem. Ein freundlicher Bahnbediensteter machte mich darauf aufmerksam, dass sich gerade in der Ferienzeit rechtzeitige Reservierung empfiehlt. Also reserviere ich. ICE geht schon mal nicht. Da sei Herr Grube vor.<!--more--><\/p>\n<p>Ein Bahnchef hat eigentlich den Job, sich um die W\u00fcnsche seiner Kunden zu k\u00fcmmern. Nicht so Herr Grube. Er kauft jetzt gerade f\u00fcr Milliarden neue ICE-Z\u00fcge mit weniger Beinfreiheit. Daf\u00fcr mit Fahrradabteil? Weit gefehlt! Ohne! Denn die Wartezeiten beim Einsteigen mit Fahrr\u00e4dern seien den anderen Reisenden nicht zumutbar; meint Herr Grube. Ich kann mich allerdings nicht erinnern, jemals an einem Bahnhof gewartet zu haben, nur weil Menschen mit Fahrrad eingestiegen sind. Ich habe wegen Betriebsst\u00f6rungen gewartet, wegen vereister Weichen, wegen Kindern an der Strecke, wegen Schafen im Tunnel bei Fulda, wegen geklauter Kupferkabel, wegen Defekts des Triebkopfs oder wegen des Verdachts der Zugtrennung oder schlimmerweise wegen der ber\u00fcchtigten Notarzteins\u00e4tze oder Personensch\u00e4den etc. etc. etc. Nie aber kam die Mitteilung: Wegen erh\u00f6hten Fahrradaufkommens hat unser Zug Versp\u00e4tung.\u00a0 Und im ICE gab\u2018 dieses Problem ohnehin nicht, denn dort bef\u00f6rdert Herr Grube eben nur Kunden ohne Fahrrad. So gesehen m\u00fcsten ICE eigentlich p\u00fcnktlich sein.<\/p>\n<p>Ich flog mal von Edmonton nach Frankfurt zur\u00fcck und hatte ein Mountainbike dabei.\u00a0 Aus zeitlichen Gr\u00fcnden konnte ich es entgegen meiner Planung vor Abflug nicht mehr in Kanada verkaufen. Kein Problem: \u201eStellen sie den Lenker quer und lassen Sie wegen des Drucks bitte die Luft aus den Reifen\u201c, fl\u00f6tete mich die nette Dame am International Airport an. Und schon war mein Fahrrad im Flieger und flog mit mir \u00fcber den Atlantik. Na ja. Fliegen mit Fahrrad kann ja jeder.<\/p>\n<p>Bei der Bahn wird es da schon komplizierter. Schon im Regionalexpress. So war k\u00fcrzlich das Fahrradabteil\u00a0 ziemlich voll, ich lehnte dager mein Vehikel an und setzte ich mich daneben auf die Treppe. \u201eEine Treppe ist nicht zum Sitzen da\u201c, pfiff mich der freundliche Schaffner bei Freiburg an. Klar, entgegnete ich. Aber ich will gerne mein Fahrrad im Blick behalten, damit es nicht behindert, versuchte ich den freundlichen Angestellten der Deutschen Bahn von meinem Tun zu \u00fcberzeugen. \u201eDas Fahrrad steht im Weg\u201c, kam zur\u00fcck. Und im Kommandoton: \u201eEntfernen!\u201c. Nein, werde ich aufm\u00fcpfiger: Das Fahrrad behindert niemanden und falls es jemand st\u00f6rt, kann ich mich sofort darum k\u00fcmmern. Andere Fahrg\u00e4ste solidarisieren sich zwischenzeitlich. \u201eDas Fahrrad st\u00f6rt wirklich nicht! Au\u00dferdem ist dies das Fahrradabteil.\u201c Der DB-Mann kapituliert vor der \u00dcbermacht und murmelt im R\u00fcckw\u00e4rtsgang:grunds\u00e4tzlicher: \u201eEs gibt kein Recht auf Fahrradbef\u00f6rderung.\u201c Ich beende die Diskussion, indem ich weder die Treppe verlasse noch samt Fahrrad den Zug. Aber wir kommen jetzt ins Gespr\u00e4ch.<\/p>\n<p>Ein Mitreisender berichtet, wie er in bequemen Schweizer Z\u00fcgen nebst Fahrrad gerde tagelang unterwegs war und man ihm sogar beim Einladen behilflich war. Dies konnte ich best\u00e4tigen. Andere Reisende auch. Aber hier sind wir ja nicht in der Schweiz. Mir f\u00e4llt das ber\u00fchmte Zitat von Herrn Grube ein, w\u00e4re er Bahnchef in der Schweiz, k\u00f6nnte er t\u00e4glich um 15.00 Uhr zum Golf. Das leuchtet ein und sollte den Nachbarn erspart bleiben. Grube w\u00fcrde selbst die vorbildliche Schweizer Bahn an den Abgrund bringen und Fahrradtransporte sicherlich auch dort erschweren. Oder wie bei Stuttgart 21 gar nicht erst einplanen. Fahrr\u00e4der in einem engen verbuddelten Tunnelbahnhof w\u00e4ren ja auch das Letzte. Schon deshalb bin ich \u00fcbrigens gegen dieses d\u00fcmmste Projekt seit dem Turmbau zu Babel.<\/p>\n<p>Aber zur\u00fcck zu meiner aktuellen Reiseplanung: \u201eIch habe eine Verbindung mit 4 x umsteigen in 10 Stunden 15 Minuten, erfuhr ich am Servicecenter.Wie gesagt: Nicht nach Edmonton, sondern nur mit dem Fahrrad nach Berlin. Gibt es da nichts anderes? Sie schaut nach einer anderen Uhrzeit, wird f\u00fcndig und strahlt: \u201eHier habe ich noch was \u00fcber Hannover in 8 Stunden und 8 Minuten.\u201c Na gut. Die \u201ekurze\u201c Wartezeit in Hannover zwischen 13.56 und 15.24 Uhr werde ich auch \u00fcberstehen. Ich freue mich auf Berlin. Nur Herrn Grube w\u00fcrde ich einmal mehr gerne feuern. Und ich beschlie\u00dfe, den Fahrradclub mehr zu unterst\u00fctzen \ud83d\ude09 <a href=\"http:\/\/www.adfc.de\/ice\/Fahrradmitnahme-ADFC-macht-Druck\">Der ADFC macht in Sachen Fahrrad gerade auf die Bahn Druc<\/a>k. Sehr gut.<\/p>\n","protected":false},"excerpt":{"rendered":"<p>Ich will im August nach Berlin. Eigentlich kein Problem. Aber ich will der besseren Mobilit\u00e4t geschuldet mit dem Fahrrad nach Berlin. Schlie\u00dflich ist Sommer und auch das Umland will mal entdeckt sein. So stellte ich es mir vor. Und schon habe ich ein Problem. Ein freundlicher Bahnbediensteter machte mich darauf aufmerksam, dass sich gerade in [&hellip;]<\/p>\n","protected":false},"author":3,"featured_media":0,"comment_status":"open","ping_status":"open","sticky":false,"template":"","format":"standard","meta":{"footnotes":""},"categories":[1],"tags":[185],"class_list":["post-2391","post","type-post","status-publish","format-standard","hentry","category-allgemein","tag-deutschebahn"],"_links":{"self":[{"href":"https:\/\/www.tauss-gezwitscher.de\/index.php?rest_route=\/wp\/v2\/posts\/2391","targetHints":{"allow":["GET"]}}],"collection":[{"href":"https:\/\/www.tauss-gezwitscher.de\/index.php?rest_route=\/wp\/v2\/posts"}],"about":[{"href":"https:\/\/www.tauss-gezwitscher.de\/index.php?rest_route=\/wp\/v2\/types\/post"}],"author":[{"embeddable":true,"href":"https:\/\/www.tauss-gezwitscher.de\/index.php?rest_route=\/wp\/v2\/users\/3"}],"replies":[{"embeddable":true,"href":"https:\/\/www.tauss-gezwitscher.de\/index.php?rest_route=%2Fwp%2Fv2%2Fcomments&post=2391"}],"version-history":[{"count":9,"href":"https:\/\/www.tauss-gezwitscher.de\/index.php?rest_route=\/wp\/v2\/posts\/2391\/revisions"}],"predecessor-version":[{"id":2410,"href":"https:\/\/www.tauss-gezwitscher.de\/index.php?rest_route=\/wp\/v2\/posts\/2391\/revisions\/2410"}],"wp:attachment":[{"href":"https:\/\/www.tauss-gezwitscher.de\/index.php?rest_route=%2Fwp%2Fv2%2Fmedia&parent=2391"}],"wp:term":[{"taxonomy":"category","embeddable":true,"href":"https:\/\/www.tauss-gezwitscher.de\/index.php?rest_route=%2Fwp%2Fv2%2Fcategories&post=2391"},{"taxonomy":"post_tag","embeddable":true,"href":"https:\/\/www.tauss-gezwitscher.de\/index.php?rest_route=%2Fwp%2Fv2%2Ftags&post=2391"}],"curies":[{"name":"wp","href":"https:\/\/api.w.org\/{rel}","templated":true}]}}