{"id":2073,"date":"2011-03-01T13:26:14","date_gmt":"2011-03-01T12:26:14","guid":{"rendered":"http:\/\/www.tauss-gezwitscher.de\/?p=2073"},"modified":"2011-03-01T13:40:28","modified_gmt":"2011-03-01T12:40:28","slug":"der-fall","status":"publish","type":"post","link":"https:\/\/www.tauss-gezwitscher.de\/?p=2073","title":{"rendered":"Guttenberg: Bitte spenden Sie!"},"content":{"rendered":"<p>Bundesverteidigungsminister a.D. Doktor a.D. <em>Karl-Theodor Reichsfreiherr von und zu Guttenberg<\/em> ist zur\u00fcckgetreten. Die <em>CDU<\/em> bedauert, bekundet Respekt, findet kein Wort der Entschuldigung gegen\u00fcber der belogenen \u00d6ffentlichkeit und Wissenschaft, bittet aber um eine milde Gabe:<\/p>\n<p>Zu dem R\u00fccktritt von Bundesverteidigungsminister <em>Karl-Theodor zu Guttenberg<\/em> erkl\u00e4rt der Generalsekret\u00e4r der <em>CDU <\/em>Deutschlands, <em>Hermann Gr\u00f6he:<\/em><\/p>\n<blockquote><p><em>Die Entscheidung von Karl-Theodor zu Guttenberg nehmen wir mit Bedauern, aber gro\u00dfem Respekt zur Kenntnis. Ich fordere die Opposition, die in den vergangenen Tagen die Grenzen der politischen Auseinandersetzung immer wieder deutlich \u00fcberschritten hat, auf, den konsequenten Schritt Karl-Theodor zu Guttenbergs anzuerkennen und endlich zur notwendigen Sachlichkeit zur\u00fcckzukehren.<\/em><\/p>\n<p><em>Es ist zu Guttenberg hoch anzurechen, dass er mit diesem Schritt die Bundeswehr in dieser schwierigen Phase des Umbaus vor belastenden Diskussionen bewahrt. Gerade heute ist daran zu erinnern, dass er es war, der den Ansto\u00df zu einer umfangreichen und wichtigen Reform der Streitkr\u00e4fte gegeben hat.<\/em><\/p>\n<p><em> <\/em><em>Auch in seiner Funktion als Wirtschaftsminister hat Karl-Theodor zu Guttenberg einen wichtigen Beitrag zur \u00dcberwindung der internationalen Finanz- und Wirtschaftskrise geleistet. Sein leidenschaftliches Engagement bei der Aus\u00fcbung seiner politischen \u00c4mter hat ihm zu Recht gro\u00dfe Beliebtheit und ein hohes Ansehen in der Bev\u00f6lkerung verschafft.<\/em><\/p>\n<p><em> Ihr CDU-Newsletterteam<\/em><\/p>\n<p><strong><em> Unterst\u00fctzen Sie die Arbeit der CDU mit einer <\/em><\/strong><a href=\"https:\/\/spenden.cdu.de\/index.htm\"><strong><em>Online-Spende<\/em><\/strong><\/a><strong><em>.<\/em><\/strong><\/p><\/blockquote>\n","protected":false},"excerpt":{"rendered":"<p>Bundesverteidigungsminister a.D. Doktor a.D. Karl-Theodor Reichsfreiherr von und zu Guttenberg ist zur\u00fcckgetreten. Die CDU bedauert, bekundet Respekt, findet kein Wort der Entschuldigung gegen\u00fcber der belogenen \u00d6ffentlichkeit und Wissenschaft, bittet aber um eine milde Gabe: Zu dem R\u00fccktritt von Bundesverteidigungsminister Karl-Theodor zu Guttenberg erkl\u00e4rt der Generalsekret\u00e4r der CDU Deutschlands, Hermann Gr\u00f6he: Die Entscheidung von Karl-Theodor zu [&hellip;]<\/p>\n","protected":false},"author":3,"featured_media":0,"comment_status":"open","ping_status":"open","sticky":false,"template":"","format":"standard","meta":{"footnotes":""},"categories":[1],"tags":[131],"class_list":["post-2073","post","type-post","status-publish","format-standard","hentry","category-allgemein","tag-guttenberg"],"_links":{"self":[{"href":"https:\/\/www.tauss-gezwitscher.de\/index.php?rest_route=\/wp\/v2\/posts\/2073","targetHints":{"allow":["GET"]}}],"collection":[{"href":"https:\/\/www.tauss-gezwitscher.de\/index.php?rest_route=\/wp\/v2\/posts"}],"about":[{"href":"https:\/\/www.tauss-gezwitscher.de\/index.php?rest_route=\/wp\/v2\/types\/post"}],"author":[{"embeddable":true,"href":"https:\/\/www.tauss-gezwitscher.de\/index.php?rest_route=\/wp\/v2\/users\/3"}],"replies":[{"embeddable":true,"href":"https:\/\/www.tauss-gezwitscher.de\/index.php?rest_route=%2Fwp%2Fv2%2Fcomments&post=2073"}],"version-history":[{"count":7,"href":"https:\/\/www.tauss-gezwitscher.de\/index.php?rest_route=\/wp\/v2\/posts\/2073\/revisions"}],"predecessor-version":[{"id":2079,"href":"https:\/\/www.tauss-gezwitscher.de\/index.php?rest_route=\/wp\/v2\/posts\/2073\/revisions\/2079"}],"wp:attachment":[{"href":"https:\/\/www.tauss-gezwitscher.de\/index.php?rest_route=%2Fwp%2Fv2%2Fmedia&parent=2073"}],"wp:term":[{"taxonomy":"category","embeddable":true,"href":"https:\/\/www.tauss-gezwitscher.de\/index.php?rest_route=%2Fwp%2Fv2%2Fcategories&post=2073"},{"taxonomy":"post_tag","embeddable":true,"href":"https:\/\/www.tauss-gezwitscher.de\/index.php?rest_route=%2Fwp%2Fv2%2Ftags&post=2073"}],"curies":[{"name":"wp","href":"https:\/\/api.w.org\/{rel}","templated":true}]}}