{"id":1896,"date":"2011-01-25T16:57:55","date_gmt":"2011-01-25T15:57:55","guid":{"rendered":"http:\/\/www.tauss-gezwitscher.de\/?p=1896"},"modified":"2011-01-28T22:15:32","modified_gmt":"2011-01-28T21:15:32","slug":"bin-dann-auch-mal-weg","status":"publish","type":"post","link":"https:\/\/www.tauss-gezwitscher.de\/?p=1896","title":{"rendered":"Bin dann auch mal weg&#8230;"},"content":{"rendered":"<p>&#8230;nein. Nicht auf dem <em>Jakobsweg <\/em>nach <em>Camino de Santiago<\/em>. Sondern schlicht im L\u00e4ndle auf dem <a href=\"http:\/\/de.wikipedia.org\/wiki\/Westweg\"><em>Schwarzwaldwestweg<\/em><\/a> . Vor Jahren bin ich mit meiner Frau dort schon einmal gewandert. Und zwar im Winter. Es war kalt und wundersch\u00f6n. Deshalb plane ich schon seit l\u00e4ngerer Zeit eine Wiederholung. Im Sommer kann das schlie\u00dflich jeder.\u00a0<em>Winterwandern<\/em> ist einfach nochmals eine andere und besondere Herausforderung. <em><a href=\"http:\/\/sz-shop.sueddeutsche.de\/mediathek\/shop\/Produktdetails\/Buch+Winterwandern+Rainer_Hoeh\/2002350.do;jsessionid=461FA046DA818161973D8E4AAF2424BD.kafka:9009\">Rainer H\u00f6h<\/a><\/em>, mit dem ich dann auch meine erste <a href=\"http:\/\/www.flickr.com\/photos\/tauss\/4106542895\/\"><em>Yukon &#8211; Tour <\/em><\/a>unternahm, hatte mich mit seinem gleichnamigen Buch mit vielen anregenden Tipps \u00a0auf die Idee gebracht.\u00a0<em><a href=\"http:\/\/de.wikipedia.org\/wiki\/Schneeschuh\">Schneeschuhe<\/a><\/em> habe ich mir jedenfalls jetzt schon mal besorgt. Denn Stapfen in tieferem Schnee ist m\u00fchsam- und Schnee hat es jetzt, zumindest in \u00fcber 400 m H\u00f6he, derzeit hoffentlich wieder reichlich. Also schau&#8217;n wir mal, ob es die ganze Strecke wird (das Pforzheimer Flachland spare ich mir in jedem Falle aus) und ob Wetter, Schlafsack, Kondition und Wanderlust bis <em>Basel <\/em>mitmachen. Immerhin stehen<a href=\"http:\/\/www.fernwege.de\/d\/westweg\/etappen\/skizze\/index.html\"> 240 km in zwei Varianten<\/a> zur Auswahl (<em>Feldbergroute 1.493 m\u00fcM<\/em> oder die \u00fcber das <em>Herzogenhorn 1.415 m\u00fcM<\/em>). Die Zivilisation will ich mit Ausnahme gelegentlicher Handyaufladung auf der einen oder anderen H\u00fctte jedenfalls weitgehend aussparen. Aber getwittert sollte zwischendurch nat\u00fcrlich werden- und anschlie\u00dfend hier etwas umfangreicher berichtet. Bis dahin: Urlaub vom bloggen&#8230;..<\/p>\n<p><span style=\"color: #ff0000;\">Aktualisierung:<\/span> Am <em>Samstag<\/em> (29.1.) geht es wohl los, nachdem mein <em><a href=\"http:\/\/www.flickr.com\/photos\/tauss\/5394076162\/\">Skirolltransportschlitten<\/a> <\/em> endlich fertig wurde:) Nur die Schneeh\u00f6he scheint nicht so toll zu sein. Wie gesagt: Schau&#8217;n wir mal&#8230;<\/p>\n","protected":false},"excerpt":{"rendered":"<p>&#8230;nein. Nicht auf dem Jakobsweg nach Camino de Santiago. Sondern schlicht im L\u00e4ndle auf dem Schwarzwaldwestweg . Vor Jahren bin ich mit meiner Frau dort schon einmal gewandert. Und zwar im Winter. Es war kalt und wundersch\u00f6n. Deshalb plane ich schon seit l\u00e4ngerer Zeit eine Wiederholung. Im Sommer kann das schlie\u00dflich jeder.\u00a0Winterwandern ist einfach nochmals [&hellip;]<\/p>\n","protected":false},"author":3,"featured_media":0,"comment_status":"open","ping_status":"open","sticky":false,"template":"","format":"standard","meta":{"footnotes":""},"categories":[1],"tags":[161,159,160],"class_list":["post-1896","post","type-post","status-publish","format-standard","hentry","category-allgemein","tag-schneeschuhe","tag-schwarzwald","tag-westweg"],"_links":{"self":[{"href":"https:\/\/www.tauss-gezwitscher.de\/index.php?rest_route=\/wp\/v2\/posts\/1896","targetHints":{"allow":["GET"]}}],"collection":[{"href":"https:\/\/www.tauss-gezwitscher.de\/index.php?rest_route=\/wp\/v2\/posts"}],"about":[{"href":"https:\/\/www.tauss-gezwitscher.de\/index.php?rest_route=\/wp\/v2\/types\/post"}],"author":[{"embeddable":true,"href":"https:\/\/www.tauss-gezwitscher.de\/index.php?rest_route=\/wp\/v2\/users\/3"}],"replies":[{"embeddable":true,"href":"https:\/\/www.tauss-gezwitscher.de\/index.php?rest_route=%2Fwp%2Fv2%2Fcomments&post=1896"}],"version-history":[{"count":33,"href":"https:\/\/www.tauss-gezwitscher.de\/index.php?rest_route=\/wp\/v2\/posts\/1896\/revisions"}],"predecessor-version":[{"id":1929,"href":"https:\/\/www.tauss-gezwitscher.de\/index.php?rest_route=\/wp\/v2\/posts\/1896\/revisions\/1929"}],"wp:attachment":[{"href":"https:\/\/www.tauss-gezwitscher.de\/index.php?rest_route=%2Fwp%2Fv2%2Fmedia&parent=1896"}],"wp:term":[{"taxonomy":"category","embeddable":true,"href":"https:\/\/www.tauss-gezwitscher.de\/index.php?rest_route=%2Fwp%2Fv2%2Fcategories&post=1896"},{"taxonomy":"post_tag","embeddable":true,"href":"https:\/\/www.tauss-gezwitscher.de\/index.php?rest_route=%2Fwp%2Fv2%2Ftags&post=1896"}],"curies":[{"name":"wp","href":"https:\/\/api.w.org\/{rel}","templated":true}]}}