{"id":1815,"date":"2011-01-01T13:14:20","date_gmt":"2011-01-01T12:14:20","guid":{"rendered":"http:\/\/www.tauss-gezwitscher.de\/?p=1815"},"modified":"2011-01-01T13:36:27","modified_gmt":"2011-01-01T12:36:27","slug":"%e2%80%9enetzgemeinde%e2%80%9c-wohin","status":"publish","type":"post","link":"https:\/\/www.tauss-gezwitscher.de\/?p=1815","title":{"rendered":"\u201eNetzgemeinde\u201c &#8211; wohin?"},"content":{"rendered":"<p>Brauchen wir f\u00fcr uns einen genaueren Begriff, fragte <em>Alvar Freude<\/em> vom <em>AK Zensur<\/em> bei seinem viel beachteten\u00a0<em>27C3<\/em>-Vortrag in Berlin? <em>Netzgemeinde, Netzb\u00fcrger, Nerds, Internetcommunity, Netizen, digitale Ureinwohner<\/em> lauten einige der g\u00e4ngigsten Versuche, das zu beschreiben, was nicht richtig zu beschreiben ist. <em>&#8222;Niemand spricht von einer <\/em><em>Telefon Community\u201c<\/em>, erteilte daher zu Recht\u00a0<em>Martin Haase<\/em> der Debatte eine Absage.<\/p>\n<p>Tats\u00e4chlich geht es auch nicht um solche Begriffsfindungen, sondern um <em>Inhalte<\/em>. Internetnutzer sind keine <em>\u201everschworene Gemeinschaft\u201c<\/em>. Sie sind so heterogen wie die Gesellschaft selbst. Das Netz ist auch ein <em>Abbild<\/em> der Gesellschaft &#8211; im Positiven wie im Negativen. Deshalb stellt sich statt der Frage nach Eigenbezeichnungen das dr\u00e4ngende Problem, wer im Netz (noch oder neu) bereit ist, gegen dessen zunehmende \u00dcberwachung und die Vereinnahmung durch Politik und Wirtschaft zu k\u00e4mpfen. Eine Kraft K\u00d6NNTE der <em>Chaos Computer Club<\/em> sein. Doch will er es?<!--more--><\/p>\n<p>Politik<em>beratung<\/em> statt Politik, scheint die neueste Devise zu lauten. Selbst die Frage, ob die <em>\u201ePiratenpartei\u201c<\/em> beim \u201eunabh\u00e4ngigen\u201c <em>CCC <\/em>einen Stand am Rande des Kongresses haben sollte, war umstritten. Politische Unabh\u00e4ngigkeit wird so mit Neutralit\u00e4t verwechselt. Die Forderung nach einer (Re-)Politisierung des <em>CCC <\/em>wurde von ma\u00dfgeblichen Sprechern des Clubs, wie etwas <em>Frank Rieger,<\/em> nicht ernsthaft aufgegriffen, sondern via <em>twitter <\/em>mit alberner H\u00e4me begleitet. Unter Politisierung konnte er sich gerade noch Parteitagszoff vorstellen.<\/p>\n<p>Dabei sind die Fragen ernsterer Natur. Braucht der <em>CCC <\/em>Verb\u00fcndete oder gar einen politischen Arm, wie beispielsweise die <em>Piratenparte<\/em>i, oder will er sich mit der bequemen Rolle einer \u201eneutralen\u201c Politikberatungsstelle begn\u00fcgen? Dies allerdings ist er heute durchaus. L\u00e4ngst vorbei sind die Zeiten, als in den neunziger Jahren anl\u00e4sslich R\u00fcttger\u2018scher\u00a0 <em>\u201eMultimediagesetze\u201c<\/em> im Bonner Bundeshaus allein bei der Vorstellung , dass <em>\u201eHacker\u201c<\/em> die heiligen Hallen betreten k\u00f6nnten, fast R\u00e4ume desinfiziert wurden.<\/p>\n<p>Heute w\u00fcrde wohl jede Partei im Deutschen Bundestag den <em>CCC<\/em> auf ein Anh\u00f6rungsticket nehmen, sollte es gerade zum Thema passen und ein modernistisches Signal an die umworbene Netzgemeinde sein. Dies hat den Club offensichtlich politisch satt und selbstgef\u00e4llig gemacht. Vorbei die Zeit, als man in Nacht- und Nebelaktionen die <em>\u201eDatenschleuder\u201c<\/em> in MdB-Postf\u00e4cher legte. Vorbei die Zeit, als man der <em>SPD <\/em>noch kurz und knapp mitteilte, wegen der starren Position zu <em>Zensursula<\/em> nicht mehr als Gespr\u00e4chspartner zur Verf\u00fcgung zu stehen.<\/p>\n<p>Angesichts des &#8222;verbindlichen&#8220; Herrn Innenminister\u00a0<em>de Maizi\u00e9re <\/em>mag man sich solche m\u00f6glichen Konsequenzen wohl gar nicht mehr vorzustellen. Schlimmstenfalls bescheinigt der <em>CCC <\/em>beim hochoffiziellen Jahresr\u00fcckblick unserem \u00dcberwachungsminister, ein <em>\u201eTroll\u201c <\/em>zu sein. Der Saal lacht. Ein Troll? Darunter versteht man jene mehr oder weniger sympathischen Zeitgenossen, die in Internetforen herumtrollen, provozieren oder pubert\u00e4r eben nur ein wenig spielen wollen.<\/p>\n<p>Was aber hat ein <em>Troll<\/em> aber mit einem Innenminister zu tun, der knallhart an <em>Zensursula<\/em> festh\u00e4lt, mit <em>Cencilia Malmstr\u00f6m<\/em> Netzsperren und den <em>Stockholm-\u00dcberwachungsstaat <\/em>vorantreibt, die <em>Vorratsdatenspeicherung plus<\/em> fordert, das Bundesamt f\u00fcr Sicherheit in der Informationstechnik <em>(BSI)<\/em> dem <em>Bundeskriminalamt <\/em>unterordnen will und alle Vorbereitungen trifft, Internetzug\u00e4nge nur noch via <em>ePersonalausweis<\/em> zug\u00e4nglich zu machen?<\/p>\n<p>Mit einem solchen Minister setzt man sich doch gerne an einen Tisch. Offensichtlich schmecken die Pl\u00e4tzchen im Innenministerium. Was dort aber in den Kaffee gesch\u00fcttet wird, um CCC-Vertretern offensichtlich den Eindruck zu vermitteln, pl\u00f6tzlich \u201eGeh\u00f6r\u201c zu finden und unmittelbar der schwarzen Seite der Macht erfolgreich Einsicht in die Notwendigkeit der Wahrung von B\u00fcrgerrechten zu vermitteln, bleibt deren Geheimnis.<\/p>\n<p>Angesichts der medialen Beachtung des <em>27C3<\/em> h\u00e4tte aus dem Berliner Congresscentrum ein starkes Signal <strong>f\u00fcr <\/strong>B\u00fcrgerrechte ausgehen k\u00f6nnen: Schluss mit Dialog mit diesem Minister, der sich von <em>Stasi 2.0-Sch\u00e4uble <\/em>und <em>Zensursula <\/em>bestenfalls in der Frisur und im scharrenden Mielke-Ton unterscheidet.<\/p>\n<p>Aber statt dessen wollte man sich Politik wie auch ZDF &amp; Co wohl medial \u201enett\u201c pr\u00e4sentieren. Eine r\u00fchrend einf\u00e4ltige Journalistin des CDU-Staatssenders begeisterte sich gar \u00fcber die vielen gut gekleideten Hacker vor Ort. Manche trugen zum Erstaunen der Dame sogar Krawatte statt Pickel. Das hatte sie sich offensichtlich ganz anders vorgestellt. Und nicht nur sie.<\/p>\n<p><strong>Welchen Weg nimmt der Club?<\/strong><\/p>\n<p>Von pubertierenden Anonymous- Aktivisten distanzierte man sich vorsichtshalber, statt auch nur Verst\u00e4ndnis zu heucheln, dass sich junge Menschen angesichts der derzeitigen freiheitsbedrohenden Entwicklung, wenn auch offensichtlich dilettantisch, verzweifelt zu wehren suchen. Sie erhielten vom erh\u00f6hten CCC-Podest arrogante oberlehrerhafte Belehrungen statt Orientierung oder gar Anleitung, wie man es besser machten k\u00f6nnte.<\/p>\n<p>Wenigstens Chaos-Altmeister <em>Andy M\u00fcller-Maguhn <\/em>machte sich in einem l\u00e4ngeren Beitrag noch <em>\u201eSorgen um die Informationsfreiheit\u201c<\/em> im Internet. Dies l\u00e4sst hoffen, dass man sich gegen die Angst der <em>Riegers<\/em> \u201evor dem Schaum vorm Maul\u201c vielleicht doch wieder zu einer gesellschaftlichen Kraft entwickeln k\u00f6nnte, die eben nicht nur \u201eSorge\u201c \u00e4u\u00dfert, sondern mit politischen Verb\u00fcndeten aus dem B\u00fcrgerrechtsbereich auch wieder politisch handeln will.<\/p>\n<p>Den de Maizi\u00e9re-weichgesp\u00fclten <em>CCC<\/em> des Jahres 2010 jedoch braucht bestenfalls eine freakige Bastelgruppe als Plattform f\u00fcr j\u00e4hrliche Hobbytreffs mit Abschlussparty. Nicht aber eine von \u00dcberwachung bedrohte freie Gesellschaft und deren \u201eNetzgemeinde.\u201c Egal wie sie sich dann nennt.<\/p>\n","protected":false},"excerpt":{"rendered":"<p>Brauchen wir f\u00fcr uns einen genaueren Begriff, fragte Alvar Freude vom AK Zensur bei seinem viel beachteten\u00a027C3-Vortrag in Berlin? Netzgemeinde, Netzb\u00fcrger, Nerds, Internetcommunity, Netizen, digitale Ureinwohner lauten einige der g\u00e4ngigsten Versuche, das zu beschreiben, was nicht richtig zu beschreiben ist. &#8222;Niemand spricht von einer Telefon Community\u201c, erteilte daher zu Recht\u00a0Martin Haase der Debatte eine Absage. [&hellip;]<\/p>\n","protected":false},"author":3,"featured_media":0,"comment_status":"open","ping_status":"open","sticky":false,"template":"","format":"standard","meta":{"footnotes":""},"categories":[1],"tags":[59,106,25,32,4],"class_list":["post-1815","post","type-post","status-publish","format-standard","hentry","category-allgemein","tag-burgerrechte","tag-ccc","tag-demaiziere","tag-internet","tag-piraten"],"_links":{"self":[{"href":"https:\/\/www.tauss-gezwitscher.de\/index.php?rest_route=\/wp\/v2\/posts\/1815","targetHints":{"allow":["GET"]}}],"collection":[{"href":"https:\/\/www.tauss-gezwitscher.de\/index.php?rest_route=\/wp\/v2\/posts"}],"about":[{"href":"https:\/\/www.tauss-gezwitscher.de\/index.php?rest_route=\/wp\/v2\/types\/post"}],"author":[{"embeddable":true,"href":"https:\/\/www.tauss-gezwitscher.de\/index.php?rest_route=\/wp\/v2\/users\/3"}],"replies":[{"embeddable":true,"href":"https:\/\/www.tauss-gezwitscher.de\/index.php?rest_route=%2Fwp%2Fv2%2Fcomments&post=1815"}],"version-history":[{"count":13,"href":"https:\/\/www.tauss-gezwitscher.de\/index.php?rest_route=\/wp\/v2\/posts\/1815\/revisions"}],"predecessor-version":[{"id":1831,"href":"https:\/\/www.tauss-gezwitscher.de\/index.php?rest_route=\/wp\/v2\/posts\/1815\/revisions\/1831"}],"wp:attachment":[{"href":"https:\/\/www.tauss-gezwitscher.de\/index.php?rest_route=%2Fwp%2Fv2%2Fmedia&parent=1815"}],"wp:term":[{"taxonomy":"category","embeddable":true,"href":"https:\/\/www.tauss-gezwitscher.de\/index.php?rest_route=%2Fwp%2Fv2%2Fcategories&post=1815"},{"taxonomy":"post_tag","embeddable":true,"href":"https:\/\/www.tauss-gezwitscher.de\/index.php?rest_route=%2Fwp%2Fv2%2Ftags&post=1815"}],"curies":[{"name":"wp","href":"https:\/\/api.w.org\/{rel}","templated":true}]}}