{"id":1730,"date":"2010-12-18T12:58:37","date_gmt":"2010-12-18T11:58:37","guid":{"rendered":"http:\/\/www.tauss-gezwitscher.de\/?p=1730"},"modified":"2010-12-19T11:50:27","modified_gmt":"2010-12-19T10:50:27","slug":"deutsche-kinderhilfe-ohne-eigennutz","status":"publish","type":"post","link":"https:\/\/www.tauss-gezwitscher.de\/?p=1730","title":{"rendered":"Deutsche Kinderhilfe ohne Eigennutz"},"content":{"rendered":"<p>Gr\u00f6\u00dfter Ausgabeposten der <em>&#8222;gemeinn\u00fctzigen&#8220; <\/em>Deutschen Kinderhilfe (DKH) war ausweislich des Gesch\u00e4ftsberichts 2009 die <em>PR- und \u00d6ffentlichkeitsarbeit <\/em>mit beachtlichen rund 153.000,- \u20ac (28% des Jahresetats). Und diese Ausgaben aus <em>Spendenmitteln<\/em> lohnen sich offensichtlich politisch wie pers\u00f6nlich. Der &#8222;gesch\u00e4ftsf\u00fchrende DKH-Vorsitzende&#8220; <em>Georg Ehrmann<\/em> erh\u00e4lt ein Sal\u00e4r von knapp 5.000.- \u20ac monatlich f\u00fcr seine Lobbyarbeit. Nicht schlecht f\u00fcr einen Job, den andere ehrenamtlich betreiben.<!--more--><\/p>\n<p>So viel Engagement konnte Ministerin <em>Kristina <\/em><em>Schr\u00f6der<\/em> nun wirklich nicht \u00fcbersehen und hat den (allerdings nicht sehr erfolgreichen) PRO-Unterschriftensammler f\u00fcr <em>Zensursula<\/em> dann in diesem Jahr eben mal schnell als Sachverst\u00e4ndigen in das <em>Bundesjugendkuratorium <\/em>berufen. Dort hat sich bereits auch <em>Innocence in Danger <\/em>in Gestalt von <em>Frau von Weiler <\/em>breit gemacht (dies wurde IiD immerhin zus\u00e4tzlich mit staalichen F\u00f6rdermitteln in H\u00f6he von \u00fcber 63.000.- \u20ac vers\u00fc\u00dft. Davon k\u00f6nnen andere Kinderschutzorganisationen oder Anti-Nazi-K\u00e4mpfer nur tr\u00e4umen). Was aber qualifiziert nun den gelernten und so uneigenn\u00fctzigen Advokaten laut\u00a0Bundesministerin f\u00fcr Frauen, Senioren,Familie und Jugend?<\/p>\n<blockquote><p><em>Das Bundesjugendkuratorium (BJK) hat die Aufgabe, die Bundesregierung in grunds\u00e4tzlichen Fragen der Kinder- und Jugendpolitik zu beraten. Bei den berufenen Personen handelt es sich um Expertinnen und Experten in den Themenfeldern, mit denen sich das Bundesministerium f\u00fcr Familie, Senioren, Frauen und Jugend (BMFSFJ) in dieser Legislaturperiode ganz besonders besch\u00e4ftigt. Die berufenen Pers\u00f6nlichkeiten stehen f\u00fcr ihre jeweilige Expertise in aktuellen Themenschwerpunkten des BMFSFJ. Bei der Besetzung sind auch das Bundesgremienbesetzungsgesetz zu beachten und die interdisziplin\u00e4re Besetzung aus Politik, Praxis, Verwaltung und Wissenschaften. Alle berufenen Personen zeichnen sich durch ihre Fachkenntnisse und Erfahrung aus. Herr Georg Ehrmann, Gesch\u00e4ftsf\u00fchrender Vorstandsvorsitzender des Tr\u00e4gers Deutsche Kinderhilfe e.V., wurde als Sachverst\u00e4ndiger in Kinderschutzfragen berufen.<\/em><\/p><\/blockquote>\n<p>Dem gegen\u00fcber war sogar die <em>WELT <\/em> zu Zeiten der <em>Gro\u00dfen Koalition <\/em>etwas kritischer im Hinsehen:<\/p>\n<blockquote><p><em>Die Probleme bei der Deutschen Kinderhilfe sind auch politisch hoch brisant, weil Ehrmann sich bisher auf gro\u00dfen R\u00fcckhalt von Bundesgesundheitsministerin Ulla Schmidt (SPD) und Bundesfamilienministerin Ursula von der Leyen (CDU) verlassen konnte. Im vergangenen Jahr hielt Ehrmann sogar ein Referat zum Thema Kinderarmut vor dem CDU-Bundesvorstand \u2013 \u201ein Anwesenheit von Frau Bundeskanzlerin Dr. Merkel und der CDU-Ministerpr\u00e4sidenten\u201c, wie es im Vereinsbericht 2007 hei\u00dft.<\/em><\/p><\/blockquote>\n<p>Ganz deutlich wurden die <em>Ruhr-Nachrichten<\/em>, ein Blatt, das<em> <\/em>allerdings die <em>CDU <\/em>und <em>Frau Merkel <\/em>wie die WELT\u00a0nicht zu lesen scheint:<\/p>\n<blockquote><p><em><strong>Der NRW-Landesverband ist bereits aus dem Deutschen Spendenrat ausgetreten und laut Selbstaussage inzwischen nicht mehr gemeinn\u00fctzig.<\/strong><\/em><\/p><\/blockquote>\n<p><a href=\"http:\/\/www.ruhrnachrichten.de\/nachrichten\/politik\/inland\/art29862,187814\">http:\/\/www.ruhrnachrichten.de\/nachrichten\/politik\/inland\/art29862,187814<\/a><\/p>\n<p><strong>&#8222;Nicht hinreichende Transparenz&#8220;<\/strong><\/p>\n<p><em>Wegen \u201enicht hinreichender Transparenz\u201c war der Verein damals auch ins Visier des Landesbeauftragten f\u00fcr Datenschutz NRW (LDI) geraten. Dessen Sprecherin Bettina Gayk best\u00e4tigte, man pr\u00fcfe ein Servicepaket, das die Deutsche Kinderhilfe NRW ihren F\u00f6rdermitgliedern als Dankesch\u00f6n anbietet. Um dessen Leistungen, etwa eine Gesundheitsdatenbank f\u00fcr Notf\u00e4lle, in Anspruch zu nehmen, m\u00fcssten Nutzer viele pers\u00f6nliche Daten preisgeben. Wer diese verwalte, sei nicht ausreichend zu erkennen, weil an dem Angebot ein Geflecht von Firmen beteiligt sei. <\/em>Nach Recherchen der <em>Ruhrnachrichten<\/em> sind diese au\u00dferdem personell eng mit der Kinderhilfe verflochten.<\/p>\n<p><strong>Kritik aus Rheinland-Pfalz<\/strong><\/p>\n<p>I<em>m Juni 2007 hatte bereits Rheinland-Pfalz \u201esammlungsrechtliche Bedenken\u201c an der Arbeit des NRW-Landesverbandes der Kinderhilfe angemeldet. Wegen des drohenden Verbots, Spenden zu sammeln, hat der Verein daraufhin seine Arbeit in dem Bundesland eingestellt. Kinderhilfe-Bundesvorsitzender Georg Ehrmann, damals auch NRW-Landeschef, erkl\u00e4rte auf Anfrage, man habe diese Bedenken ausger\u00e4umt und wolle wieder in Rheinland-Pfalz t\u00e4tig sein. <\/em><\/p>\n<p>Ich habe nachgefragt, ob dies wieder der Fall ist. Eine Antwort liegt bislang nicht vor. \u00dcbrigens wird in den Medien \u00fcber den Verein derzeit nur noch wenig berichtet. Im Gegenteil: Ehrmann tritt ungeniert bei Bundestagsabgeordneten auf und wird zu Talkshows eingeladen. Mit Hilfe von Schirmherrschaften mobilisiert man zu Gunsten der Kinderhilfe immer mehr Politiker und Firmen, den unvermeidlichen Bund der Deutschen Kriminalbeamten etc. etc.<\/p>\n<p>Einer deren &#8222;Vorstands&#8220;- Sprecher ist zwischenzeitlich der von der eigenen Basis abgew\u00e4hlte fr\u00fchere SPD-Bundesagsabgeordnete und somit mein Ex-Kollege\u00a0<em>Rolf St\u00f6ckel <\/em>(damals Mitglied der <em>Kinderkommission<\/em> des Deutschen Bundestages). Auch ihn st\u00f6ren die damaligen Zeitungsmeldungen nicht, die ich f\u00fcr Interessierte gerne mal aufliste:<\/p>\n<p><a href=\"http:\/\/www.welt.de\/politik\/article1874875\/Geschaefte_unter_dem_Mantel_der_guten_Taten.html\">http:\/\/www.welt.de\/politik\/article1874875\/Geschaefte_unter_dem_Mantel_der_guten_Taten.html<\/a><\/p>\n<p><a href=\"http:\/\/www.welt.de\/wams_print\/article1874578\/Geschaefte_mit_der_Hilfe_fuer_Kinder.html\">http:\/\/www.welt.de\/wams_print\/article1874578\/Geschaefte_mit_der_Hilfe_fuer_Kinder.html<\/a><\/p>\n<p><a href=\"http:\/\/www.freiesinternet.com\/2009\/05\/17\/deutsche-kinderhilfe-dubioser-verein\/\">http:\/\/www.freiesinternet.com\/2009\/05\/17\/deutsche-kinderhilfe-dubioser-verein\/<\/a><\/p>\n<p><a href=\"http:\/\/www.foebud.org\/datenschutz-buergerrechte\/zensur\/kinderhilfe-trommelt-fuer-zensur\">http:\/\/www.foebud.org\/datenschutz-buergerrechte\/zensur\/kinderhilfe-trommelt-fuer-zensur<\/a><\/p>\n<p><a href=\"http:\/\/de.wikipedia.org\/w\/index.php?title=Deutsche_Kinderhilfe&amp;diff=59941631&amp;oldid=59043442\">http:\/\/de.wikipedia.org\/w\/index.php?title=Deutsche_Kinderhilfe&amp;diff=59941631&amp;oldid=59043442<\/a><\/p>\n<p><a href=\"http:\/\/www.heise.de\/tp\/r4\/artikel\/33\/33181\/1.html\">http:\/\/www.heise.de\/tp\/r4\/artikel\/33\/33181\/1.html<\/a><\/p>\n<p><a href=\"http:\/\/www.freitag.de\/positionen\/0924-kinderhilfe-ehrmann-spendenrat-markus-kurth?p=1\">http:\/\/www.freitag.de\/positionen\/0924-kinderhilfe-ehrmann-spendenrat-markus-kurth?p=1<\/a><\/p>\n<p><a href=\"http:\/\/www.morgenpost.de\/politik\/article964453\/Schwere_Vorwuerfe_gegen_Deutsche_Kinderhilfe.html\">http:\/\/www.morgenpost.de\/politik\/article964453\/Schwere_Vorwuerfe_gegen_Deutsche_Kinderhilfe.html<\/a><\/p>\n<p>Hier die Stellungnahme der <em>Kinderhilfe<\/em> zu den damaligen Vorw\u00fcrfen:<\/p>\n<p><a href=\"http:\/\/www.kinderhilfe.de\/ueber\/FAQsWELT-Berichterstattung.pdf\">http:\/\/www.kinderhilfe.de\/ueber\/FAQsWELT-Berichterstattung.pdf<\/a><\/p>\n<p>Besonders interessant der <em>Finanzbericht<\/em> ab Seite 39 zur Spendenverwendung, Geh\u00e4ltern und Verwaltungskosten:<\/p>\n<p><a href=\"http:\/\/sozialesmarketing.de\/image\/kinderhilfe_jahresbericht_2009_ohne_Anzeige_mai10.pdf\">http:\/\/sozialesmarketing.de\/image\/kinderhilfe_jahresbericht_2009_ohne_Anzeige_mai10.pdf<\/a><\/p>\n<p>Verflechtung von Politik und Kinderhilfe:<\/p>\n<p><a href=\"http:\/\/pressebuero-nord.blogspot.com\/2010\/11\/deutsche-kinderhilfe-feierte-10.html\">http:\/\/pressebuero-nord.blogspot.com\/2010\/11\/deutsche-kinderhilfe-feierte-10.html<\/a><\/p>\n<p>(Wird fortgesetzt&#8230;..:)<\/p>\n","protected":false},"excerpt":{"rendered":"<p>Gr\u00f6\u00dfter Ausgabeposten der &#8222;gemeinn\u00fctzigen&#8220; Deutschen Kinderhilfe (DKH) war ausweislich des Gesch\u00e4ftsberichts 2009 die PR- und \u00d6ffentlichkeitsarbeit mit beachtlichen rund 153.000,- \u20ac (28% des Jahresetats). Und diese Ausgaben aus Spendenmitteln lohnen sich offensichtlich politisch wie pers\u00f6nlich. Der &#8222;gesch\u00e4ftsf\u00fchrende DKH-Vorsitzende&#8220; Georg Ehrmann erh\u00e4lt ein Sal\u00e4r von knapp 5.000.- \u20ac monatlich f\u00fcr seine Lobbyarbeit. Nicht schlecht f\u00fcr einen [&hellip;]<\/p>\n","protected":false},"author":3,"featured_media":0,"comment_status":"open","ping_status":"open","sticky":false,"template":"","format":"standard","meta":{"footnotes":""},"categories":[1],"tags":[153],"class_list":["post-1730","post","type-post","status-publish","format-standard","hentry","category-allgemein","tag-kinderhilfe"],"_links":{"self":[{"href":"https:\/\/www.tauss-gezwitscher.de\/index.php?rest_route=\/wp\/v2\/posts\/1730","targetHints":{"allow":["GET"]}}],"collection":[{"href":"https:\/\/www.tauss-gezwitscher.de\/index.php?rest_route=\/wp\/v2\/posts"}],"about":[{"href":"https:\/\/www.tauss-gezwitscher.de\/index.php?rest_route=\/wp\/v2\/types\/post"}],"author":[{"embeddable":true,"href":"https:\/\/www.tauss-gezwitscher.de\/index.php?rest_route=\/wp\/v2\/users\/3"}],"replies":[{"embeddable":true,"href":"https:\/\/www.tauss-gezwitscher.de\/index.php?rest_route=%2Fwp%2Fv2%2Fcomments&post=1730"}],"version-history":[{"count":26,"href":"https:\/\/www.tauss-gezwitscher.de\/index.php?rest_route=\/wp\/v2\/posts\/1730\/revisions"}],"predecessor-version":[{"id":1765,"href":"https:\/\/www.tauss-gezwitscher.de\/index.php?rest_route=\/wp\/v2\/posts\/1730\/revisions\/1765"}],"wp:attachment":[{"href":"https:\/\/www.tauss-gezwitscher.de\/index.php?rest_route=%2Fwp%2Fv2%2Fmedia&parent=1730"}],"wp:term":[{"taxonomy":"category","embeddable":true,"href":"https:\/\/www.tauss-gezwitscher.de\/index.php?rest_route=%2Fwp%2Fv2%2Fcategories&post=1730"},{"taxonomy":"post_tag","embeddable":true,"href":"https:\/\/www.tauss-gezwitscher.de\/index.php?rest_route=%2Fwp%2Fv2%2Ftags&post=1730"}],"curies":[{"name":"wp","href":"https:\/\/api.w.org\/{rel}","templated":true}]}}