{"id":1576,"date":"2010-12-15T21:01:53","date_gmt":"2010-12-15T20:01:53","guid":{"rendered":"http:\/\/www.tauss-gezwitscher.de\/?p=1576"},"modified":"2010-12-18T21:13:05","modified_gmt":"2010-12-18T20:13:05","slug":"kinderarbeitskommision-bliebt-von-kinderkommission-unbelastigt","status":"publish","type":"post","link":"https:\/\/www.tauss-gezwitscher.de\/?p=1576","title":{"rendered":"Kinderarbeitskommission bleibt von Kinderkommission unbel\u00e4stigt"},"content":{"rendered":"<blockquote>\n<div>\n<p><em>&#8222;Wir sind die Verursacher der Kinderarbeit, wer die nicht sieht, muss den Optiker wechseln&#8220; (Norbert Bl\u00fcm) <\/em><\/p>\n<p>Doch manche, lieber Ex-Kollege Bl\u00fcm, \u00a0wollen das komplexe Problem mit oder ohne Optiker nicht sehen. Beispielsweise die Mitglieder der\u00a0<em>Kinderkommission des Deutschen Bundestages (<\/em>K\u00fcrzel<em> KiKo)<\/em>. So habe ich hier k\u00fcrzlich dar\u00fcber informiert, dass die <em>EU-Kommission<\/em> Kinderarbeit auf Kaffeeplantagen in skandal\u00f6ser Weise als <em>Wettbewerbsvorteil<\/em> ansieht, wie der Fall <em>Douwe Egberts<\/em> beweist (siehe <a href=\"https:\/\/www.tauss-gezwitscher.de\/?p=1386\">http:\/\/tauss-gezwitscher.de\/?p=1386<\/a> ).<!--more--><\/p>\n<p>Dies alles mag nach herrschendem EU-Recht auch so sein. Dann aber kann und muss dieses &#8222;Recht&#8220; diskutiert und es muss m\u00f6glichst ge\u00e4ndert werden. Wettbewerbsvorteile durch Kinder, die arbeiten m\u00fcssen statt zur Schule gehen zu d\u00fcrfen, sollten inakzeptabel sein.<\/p>\n<p>Naiv ging ich irgendwie davon aus, dass sich die K<em>inderkommission des Deutschen Bundestages<\/em> als\u00a0<em>Kommission zur Wahrnehmung der Belange der Kinder<\/em> (Eigenwerbung) tats\u00e4chlich f\u00fcr solche Belange der Kinder interessiert. Also habe ich die <em>Kiko<\/em> angeschrieben und nachgefragt:<\/p>\n<\/div>\n<\/blockquote>\n<blockquote><p><em>Sehr geehrte Damen und Herren der Kinderkommission des Deutschen Bundestages, <\/em><em>SPIEGEL online hat \u00fcber den ebenso erstaunlichen wie skandal\u00f6sen Umgang der EU-Kommission mit dem Problem Kinderarbeit am Beispiel des Kaffee-Konzerns Douwe-Egberts berichtet : <\/em><a href=\"http:\/\/www.spiegel.de\/wirtschaft\/0,1518,728263,00.html\"><em>http:\/\/www.spiegel.de\/wirtschaft\/0,1518,728263,00.html<\/em><\/a><em> .\u00a0Gibt es eine Position der Kinderkommission des Deutschen Bundestages zur &#8222;Kinderarbeitskommission&#8220; und zu diesem Vorgang?\u00a0Besten Dank f\u00fcr Ihre Infos! <\/em><em>Mit freundlichen Gr\u00fc\u00dfen\u00a0J\u00f6rg Tauss<\/em><\/p><\/blockquote>\n<blockquote><p>Schon 14 Tage sp\u00e4ter, am <strong>30.11.2010 <\/strong>um 16:58 schrieb das Sekretariat der Kinderkommission kurz vor Feierabend zur\u00fcck:\u00a0<em>Sehr geehrter Herr Tauss, <\/em><em>im Namen der Mitglieder der Kinderkommission m\u00f6chte ich Ihre E-Mail vom 16.11.10 wie folgt beantworten: <\/em><em>Die Kinderkommission des Deutschen Bundestages hat sich mit der in dem Spiegel-online- Artikel geschilderten speziellen Problematik der Kinderarbeit f\u00fcr Kaffee-Konzerne unter der besonderen Ber\u00fccksichtigung des Verhaltens der EU-Kommission <\/em><strong><em>nicht<\/em><\/strong><em> befasst. Es gibt daher keine Position der Kinderkommission hierzu. <\/em><em>Mit freundlichen Gr\u00fc\u00dfen <\/em><em>Kinderkommission im Deutschen Bundestag<\/em><\/p><\/blockquote>\n<blockquote><p>Reichlich unbefriedigend. Oder? Ich habe deshalb bei der unserer parlamentarischen\u00a0<em>Interessenvertretung der Kinder und Jugendlichen (<\/em>wiederum Eigenwerbung)<em> <\/em>also<em> <\/em>gleich\u00a0nochmals nachgehakt:<\/p>\n<p><em>Sehr geehrte Frau&#8230;.,\u00a0vielen Dank f\u00fcr Ihre Mitteilung. Beabsichtigt die Kinderkommission denn in n\u00e4herer Zukunft sich mit der offensichtlichen Tatsache zu befassen, dass die EU Kinderarbeit als Wettbewerbsvorteil f\u00fcr Firmen akzeptiert? <\/em><em>Mit freundlichen Gr\u00fc\u00dfen\u00a0J\u00f6rg Tauss<\/em><\/p>\n<p><strong>Antwort vom \u00a03. 12.<\/strong>: <em>Sehr geehrter Herr Tauss,\u00a0die Mitglieder der Kinderkommission befinden sich derzeit in der Planung f\u00fcr das n\u00e4chste Jahr. Ich wei\u00df daher noch nicht, welche konkreten Themen von der Kinderkommission behandelt werden.\u00a0Mit freundlichen Gr\u00fc\u00dfen\u00a0Kinderkommission im Deutschen Bundestag<\/em><\/p>\n<p>Gut, dass man sich mit einer &#8222;<em>Arbeitsplanung<\/em>&#8220; befasst. Betrachtet man n\u00e4mlich die Homepage der <em>KiKo<\/em>, scheint sie\u00a0vor Aktivit\u00e4ten nicht gerade zu strotzen. Unter Dokumente findet man f\u00fcr das Jahr 2010 einen einzigen Vorgang: Die Kommission war am 20. September nach <em>Skopje\/ Mazedonien<\/em> gereist. Dort nahmen drei unserer KiKo- Volksvertreter am Work-Shop\u00a0<em>\u201eDie Rolle der Parlamente bei der F\u00f6rderung und der \u00dcberwachung von Kinderrechten\u201c <\/em>teil. Und warum? \u00a0Zitat<em>&#8230;Die Kinderkommission des Deutschen Bundestages war gezielt von UNICEF eingeladen worden, da <strong>ES <\/strong><span style=\"font-style: normal;\">(wer ist es?)<\/span><strong> <\/strong>als weltweit \u00e4ltestes parlamentarisches Gremium zur Wahrnehmung der Interessen der Kinder \u00fcber die gr\u00f6\u00dfte Erfahrung verf\u00fcgt und als modellhaft f\u00fcr andere Parlamente angesehen wird&#8230;.<\/em><\/p>\n<p>Hoffentlich haben die Mazedonier dann nicht allzu investigativ nachgefragt. Zum Beispiel nach parlamentarischen Initiativen zum Thema Kinderarbeit. Hierzu findet sich nach Google-Recherche dann aber wenigstens doch noch eine Pressemitteilung vom 12. Juni 2010 zum <em>&#8222;Welttag gegen Kinderarbeit.&#8220;<\/em> Immerhin wurde der von unserer <em>Kiko<\/em> pflichtschuldigst nicht ganz vergessen.<\/p>\n<p>Unter der \u00dcberschrift: <em>Kinderarbeit ist ein Teufelskreis <\/em>fordern darin unsere Kinderpolitiker selbstlos\u00a0<em>&#8222;die Politik&#8220; auf, Missst\u00e4nde anzuprangern und durch Hilfen zur Selbsthilfe den Teufelskreis (<\/em>Kinderarbeit)<em> zu durchbrechen. <\/em>Sich selbst scheint man dabei allerdings, siehe Douwe Egberts und EU, wohl nicht ganz als Teil der Politik zu begreifen. Was soll man dazu noch sagen? Da hilft wohl noch nicht einmal mehr Bl\u00fcms Optiker.<\/p><\/blockquote>\n","protected":false},"excerpt":{"rendered":"<p>&#8222;Wir sind die Verursacher der Kinderarbeit, wer die nicht sieht, muss den Optiker wechseln&#8220; (Norbert Bl\u00fcm) Doch manche, lieber Ex-Kollege Bl\u00fcm, \u00a0wollen das komplexe Problem mit oder ohne Optiker nicht sehen. Beispielsweise die Mitglieder der\u00a0Kinderkommission des Deutschen Bundestages (K\u00fcrzel KiKo). So habe ich hier k\u00fcrzlich dar\u00fcber informiert, dass die EU-Kommission Kinderarbeit auf Kaffeeplantagen in skandal\u00f6ser [&hellip;]<\/p>\n","protected":false},"author":3,"featured_media":0,"comment_status":"open","ping_status":"open","sticky":false,"template":"","format":"standard","meta":{"footnotes":""},"categories":[1],"tags":[84,101,140,152],"class_list":["post-1576","post","type-post","status-publish","format-standard","hentry","category-allgemein","tag-bundestag","tag-eu","tag-kinderarbeit","tag-kinderkommission"],"_links":{"self":[{"href":"https:\/\/www.tauss-gezwitscher.de\/index.php?rest_route=\/wp\/v2\/posts\/1576","targetHints":{"allow":["GET"]}}],"collection":[{"href":"https:\/\/www.tauss-gezwitscher.de\/index.php?rest_route=\/wp\/v2\/posts"}],"about":[{"href":"https:\/\/www.tauss-gezwitscher.de\/index.php?rest_route=\/wp\/v2\/types\/post"}],"author":[{"embeddable":true,"href":"https:\/\/www.tauss-gezwitscher.de\/index.php?rest_route=\/wp\/v2\/users\/3"}],"replies":[{"embeddable":true,"href":"https:\/\/www.tauss-gezwitscher.de\/index.php?rest_route=%2Fwp%2Fv2%2Fcomments&post=1576"}],"version-history":[{"count":23,"href":"https:\/\/www.tauss-gezwitscher.de\/index.php?rest_route=\/wp\/v2\/posts\/1576\/revisions"}],"predecessor-version":[{"id":1750,"href":"https:\/\/www.tauss-gezwitscher.de\/index.php?rest_route=\/wp\/v2\/posts\/1576\/revisions\/1750"}],"wp:attachment":[{"href":"https:\/\/www.tauss-gezwitscher.de\/index.php?rest_route=%2Fwp%2Fv2%2Fmedia&parent=1576"}],"wp:term":[{"taxonomy":"category","embeddable":true,"href":"https:\/\/www.tauss-gezwitscher.de\/index.php?rest_route=%2Fwp%2Fv2%2Fcategories&post=1576"},{"taxonomy":"post_tag","embeddable":true,"href":"https:\/\/www.tauss-gezwitscher.de\/index.php?rest_route=%2Fwp%2Fv2%2Ftags&post=1576"}],"curies":[{"name":"wp","href":"https:\/\/api.w.org\/{rel}","templated":true}]}}