{"id":118,"date":"2009-12-13T01:50:38","date_gmt":"2009-12-12T23:50:38","guid":{"rendered":"http:\/\/www.tauss-gezwitscher.de\/?p=118"},"modified":"2010-02-06T13:58:07","modified_gmt":"2010-02-06T11:58:07","slug":"spd-abschied-vom-zugangserschwerungsgesetz","status":"publish","type":"post","link":"https:\/\/www.tauss-gezwitscher.de\/?p=118","title":{"rendered":"SPD- Abschied vom Zugangserschwerungsgesetz?"},"content":{"rendered":"<p>In der unendlichen Geschichte des Zugangserschwerungsgesetzes will sich die SPD- Bundestagsfraktion nun von ihrer eigenen Gesetzgebung und Blamage verabschieden:<\/p>\n<p><a href=\"http:\/\/www.heise.de\/ct\/meldung\/SPD-wendet-sich-gegen-Internet-Sperrgesetz-884257.html\">http:\/\/www.heise.de\/ct\/meldung\/SPD-wendet-sich-gegen-Internet-Sperrgesetz-884257.html<\/a><\/p>\n<p><em>&#8222;Schluss mit dem Gew\u00fcrge&#8220;<\/em> forderte jetzt der neue stellvertretende Fraktionsvorsitzende, Olaf Scholz, \u00a0der allerdings entgegen aller Warnungen und ungeachtet der Petition gegen &#8222;Zensursula&#8220; das Gesetzgebungsverfahren innerhalb der Bundesregierung \u00a0schon im April des Jahres mit durchgewunken hatte.<\/p>\n<p>Aber auch er h\u00e4tte es besser wissen k\u00f6nnen: Der wissenschaftliche Dienst des Deutschen Bundestages formulierte &#8222;<em>verfassungsrechtliche Bedenken&#8220;<\/em>. Ein Expertengespr\u00e4ch des Unterausschusses Neue Medien zeigte schon im Sp\u00e4therbst 2008 deutlich, dass mit Ausnahme \u00a0des Bundeskriminalamts (BKA) und von selbsternannten &#8222;Jugendsch\u00fctzern&#8220; niemand das Vorhaben verteidigte.<\/p>\n<p><a href=\"http:\/\/www.heise.de\/newsticker\/meldung\/Experten-betrachten-geplante-Kinderporno-Sperrmassnahmen-als-wirkungslos-195362.html\">http:\/\/www.heise.de\/newsticker\/meldung\/Experten-betrachten-geplante-Kinderporno-Sperrmassnahmen-als-wirkungslos-195362.html<\/a><\/p>\n<p>Fanatische Bef\u00fcrworter des Gesetzes, allerdings ohne jegliche Nennung zutreffender Fakten, waren neben anderen Organisationen die von ihre Skandalen ablenkende UNICEF und der &#8222;Kinderschutzbund&#8220;. Diese Organisationen behaupteten unter anderem schlicht wahrheitswidrig und unter Berufung auf das BKA , <em>&#8222;dass kinderpornografische Inhalte immer und \u00fcberall verf\u00fcgbar seien&#8220;<\/em> (Helga Kuhn, UNICEF Deutschland). Erstaunlich, dass diese Organisationen aber von den Kritikern des Vorhabens mit grosser Chuzpe stets &#8222;Sachlichkeit&#8220; verlangten.<\/p>\n<p>Die Familienpolitiker der SPD- Bundestagsfraktion machten sich diese &#8222;Argumente&#8220; allerdings zu eigen. Kerstin Griese, damals Vorsitzende des Ausschusses Jugend und Familie, sagte mir unverbl\u00fcmt, <em>&#8222;wir bedienen eben auch eine Szene, zum Beispiel UNICEF&#8220;<\/em>.<\/p>\n<p><a href=\"http:\/\/www.unicef.de\/index.php?id=5700\">http:\/\/www.unicef.de\/index.php?id=5700<\/a><\/p>\n<p>Professor Sieber vom Max-Planck-Institut f\u00fcr internationales Strafrecht und andere Stimmen der Vernunft forderten dem gegen\u00fcber\u00a0<strong>vor<\/strong> einem derartigen Gesetzgebungsverfahren\u00a0gegen diese von Union, BKA, Presse und den genannten Organisationen angeheizte \u00f6ffentliche Stimmung vergeblich einen umfassenden gesellschaftlichen, rechtlichen und technischen Dialog.<\/p>\n<p>Missbrauchsopfer (MOGIS Verein) wandten sich ebenso gegen #Zensursula wie Datensch\u00fctzer, der CCC, Wissenschaft und Wirtschaft (Providerverband ECO, der Verband Bitcom, die Gesellschaft f\u00fcr Informatik (GI) etc.). Auch sie fanden kein Geh\u00f6r.<\/p>\n<p>Mir gegen\u00fcber hatte die SPD- Fraktionsf\u00fchrung im internen Gespr\u00e4ch allerdings wenigstens ihr Wort gegeben, <em>&#8222;dass man der Union nicht entgegenkommen wolle, sondern das Gesetz von der Agenda genommen werde und somit wohl in die Diskontinuit\u00e4t falle&#8220;<\/em> (Thomas Oppermann, 1. Fraktionsgesch\u00e4ftsf\u00fchrer).\u00a0Um zur Erreichung dieses Ziels die Union nicht zu &#8222;provozieren&#8220; wurde ich sogar darum gebeten, nicht an der Anh\u00f6rung zum Gesetzgebungsverfahren teilzunehmen.<\/p>\n<p>Man kannte also die Probleme. Dennoch wurde auf dem SPD- Bundesparteitag am 14. Juni eine Debatte \u00fcber das Zugangserschwerungsgesetz verhindert und die Beratung eines von Boehning, M\u00f6nikes und anderen eingebrachten Antrages gegen Zensursula von Franz M\u00fcntefering als <em>&#8222;medial unerw\u00fcnscht&#8220;<\/em> verhindert.<\/p>\n<p>Gleichfalls aus Angst vor der Presse \u00a0forderte Peter Struck am 16. Juni die Fraktion auf, dem Vorhaben zuzustimmen. Zitat: &#8222;<em>Bedenkt, was morgen in der Presse und in BILD zu lesen ist, wenn wir das heute ablehnen.<\/em>&#8220; 13 junge Bundestagskandidaten warnten in einem Schreiben vor dieser Argumentation: <em>&#8222;Ihr tauscht die begrenzte Gefahr einer negativen &#8222;BILD&#8220;- Schlagzeile mit der unbegrenzten Gefahr des Verlustes der Glaubw\u00fcrdigkeit bei einer ganzen Generation.&#8220;<\/em><\/p>\n<p><em><a href=\"http:\/\/www.spiegel.de\/netzwelt\/netzpolitik\/0,1518,666745,00.html\">http:\/\/www.spiegel.de\/netzwelt\/netzpolitik\/0,1518,666745,00.html<\/a><\/em><\/p>\n<p>Dennoch ging man der Union blind auf den Leim. Der damalige Innenminister Sch\u00e4uble \u00e4u\u00dferste im Oktober 2009 in entwaffnender Offenheit, dass das Gesetz auch deshalb entstanden sei, <em>&#8222;um die Union gegen\u00fcber anderen Parteien abzusetzen.&#8220;<\/em> Er sprach zugleich von <em>&#8222;handwerklichen Fehlern&#8220;<\/em>.<\/p>\n<p>Alle Bedenken, die Scholz heute gegen das Machwerk der Frau von der Leyen \u00e4u\u00dfert, sind und waren richtig: Das Gesetz sei &#8222;<em>populistisch&#8220;<\/em>, die Internetsperren <em>&#8222;ineffektiv, ungenau und ohne weiteres zu umgehen.&#8220;<\/em> So zumindest berichteten heise und SPON.<\/p>\n<p>Trotz dieser, jetzt auch von Scholz vorgetragenen Argumente, haben am 18. Juni des Jahres \u00a0nur zwei (!) Bundestagsabgeordnete der SPD neben mir gegen das Gesetz gestimmt (Steffen Reiche und Wolfgang Wodarg). Alle anderen Fraktionsmitglieder wollten Gegenargumente allerdings nicht h\u00f6ren.<\/p>\n<p>Deshalb hatte ich im Deutschen Bundestag am 18. Juni nochmals und ein letztes Mal als Mitglied der SPD- Bundestagsfraktion das Wort ergriffen:<\/p>\n<p><a href=\"http:\/\/www.youtube.com\/watch?v=DwuZS8H4k2w\">http:\/\/www.youtube.com\/watch?v=DwuZS8H4k2w<\/a><\/p>\n<p>Nach dieser Rede schlug mir aus dieser Fraktion, der ich immerhin fast 15 Jahre angeh\u00f6rt hatte, wie auch schon w\u00e4hrend der Diskussion in der Fraktionssitzung zwei Tage zuvor, offener Hass entgegen. Zwei Tage sp\u00e4ter zog ich aus diesen Vorg\u00e4ngen die Konsequenz und trat, auch aus Protest gegen die Missachtung der Petenten um Franziska Heine, aus der SPD aus und der Piratenpartei bei.<\/p>\n<p><strong>Nachtrag: <\/strong><\/p>\n<p>Die pers\u00f6nlich Verantwortlichen f\u00fcr das Desaster sind weiterhin SPD- Abgeordnete und mit Ausnahme von Franz M\u00fcntefering und Peter Struck, der nicht wieder f\u00fcr den Bundestag kandidierte, in ihren \u00c4mtern verblieben. Namentlich nenne ich Thomas Oppermann als 1. Fraktionsgesch\u00e4ftsf\u00fchrer, Martin D\u00f6rmann als &#8222;Verhandlungsf\u00fchrer&#8220; gegen\u00fcber der Union, Christl Humme als stv. Fraktionsvorsitzende und Karen Marks als Sprecherin f\u00fcr Jugend und Familie. Alle drei &#8222;Abweichler&#8220; geh\u00f6ren dem Deutschen Bundestag nicht mehr an.<\/p>\n<p>Dass sich nun ausgerechnet D\u00f6rmann \u00a0gegen Zensursula ausspricht, ist nur noch mit dem Begriff Chuzpe zu umschreiben:<\/p>\n<p><a href=\"http:\/\/www.spd-fraktion.de\/cnt\/rs\/rs_dok\/0,,50129,00.pdf\">http:\/\/www.spd-fraktion.de\/cnt\/rs\/rs_dok\/0,,50129,00.pdf<\/a><\/p>\n<p>Was Herr D\u00f6rmann nun genau meint, bleibt aber auch nach Tagen noch unklar: &#8222;<em>L\u00f6schen STATT sperren<\/em>&#8220; oder &#8222;<em>L\u00f6schen vor Sperren<\/em>&#8220; ??? :<\/p>\n<p><a href=\"http:\/\/www.netzpolitik.org\/2009\/spd-heute-wieder-loeschen-vor-sperren\/\">http:\/\/www.netzpolitik.org\/2009\/spd-heute-wieder-loeschen-vor-sperren\/<\/a><\/p>\n<p>Der klassische Kompromiss, den D\u00f6rmann sicherlich als Erfolg bei Verhandlungen mit der Union feiern w\u00fcrde, hiesse &#8222;L\u00f6schen UND sperren.&#8220;(Vorsicht: Ironie mit Wahrheitsgehalt \ud83d\ude09 )<\/p>\n","protected":false},"excerpt":{"rendered":"<p>In der unendlichen Geschichte des Zugangserschwerungsgesetzes will sich die SPD- Bundestagsfraktion nun von ihrer eigenen Gesetzgebung und Blamage verabschieden: http:\/\/www.heise.de\/ct\/meldung\/SPD-wendet-sich-gegen-Internet-Sperrgesetz-884257.html &#8222;Schluss mit dem Gew\u00fcrge&#8220; forderte jetzt der neue stellvertretende Fraktionsvorsitzende, Olaf Scholz, \u00a0der allerdings entgegen aller Warnungen und ungeachtet der Petition gegen &#8222;Zensursula&#8220; das Gesetzgebungsverfahren innerhalb der Bundesregierung \u00a0schon im April des Jahres mit durchgewunken [&hellip;]<\/p>\n","protected":false},"author":3,"featured_media":0,"comment_status":"open","ping_status":"open","sticky":false,"template":"","format":"standard","meta":{"footnotes":""},"categories":[1],"tags":[19,15,38,30,39],"class_list":["post-118","post","type-post","status-publish","format-standard","hentry","category-allgemein","tag-bka","tag-spd","tag-unicef","tag-zensursula","tag-zugangserschwerungsgesetz"],"_links":{"self":[{"href":"https:\/\/www.tauss-gezwitscher.de\/index.php?rest_route=\/wp\/v2\/posts\/118","targetHints":{"allow":["GET"]}}],"collection":[{"href":"https:\/\/www.tauss-gezwitscher.de\/index.php?rest_route=\/wp\/v2\/posts"}],"about":[{"href":"https:\/\/www.tauss-gezwitscher.de\/index.php?rest_route=\/wp\/v2\/types\/post"}],"author":[{"embeddable":true,"href":"https:\/\/www.tauss-gezwitscher.de\/index.php?rest_route=\/wp\/v2\/users\/3"}],"replies":[{"embeddable":true,"href":"https:\/\/www.tauss-gezwitscher.de\/index.php?rest_route=%2Fwp%2Fv2%2Fcomments&post=118"}],"version-history":[{"count":13,"href":"https:\/\/www.tauss-gezwitscher.de\/index.php?rest_route=\/wp\/v2\/posts\/118\/revisions"}],"predecessor-version":[{"id":121,"href":"https:\/\/www.tauss-gezwitscher.de\/index.php?rest_route=\/wp\/v2\/posts\/118\/revisions\/121"}],"wp:attachment":[{"href":"https:\/\/www.tauss-gezwitscher.de\/index.php?rest_route=%2Fwp%2Fv2%2Fmedia&parent=118"}],"wp:term":[{"taxonomy":"category","embeddable":true,"href":"https:\/\/www.tauss-gezwitscher.de\/index.php?rest_route=%2Fwp%2Fv2%2Fcategories&post=118"},{"taxonomy":"post_tag","embeddable":true,"href":"https:\/\/www.tauss-gezwitscher.de\/index.php?rest_route=%2Fwp%2Fv2%2Ftags&post=118"}],"curies":[{"name":"wp","href":"https:\/\/api.w.org\/{rel}","templated":true}]}}