{"id":1061,"date":"2010-06-14T10:16:42","date_gmt":"2010-06-14T08:16:42","guid":{"rendered":"http:\/\/www.tauss-gezwitscher.de\/?p=1061"},"modified":"2010-10-14T14:41:06","modified_gmt":"2010-10-14T12:41:06","slug":"zur-arbeit-der-enquete-internet","status":"publish","type":"post","link":"https:\/\/www.tauss-gezwitscher.de\/?p=1061","title":{"rendered":"Zur Arbeit der Enquete Internet"},"content":{"rendered":"<p><span style=\"color: #ff0000;\">Aktualisiert am 17. 6<\/span>. Am Welttag des Strickens (14.6.) tagte die Enquetekommission zum Thema &#8222;Netzneutralit\u00e4t&#8220;. Viel herumgestrickt am Thema wurde im Vorfeld leider nicht. Insofern scheint die Arbeit wirklicher \u00a0Strickerinnen etwas fundierter zu sein.<\/p>\n<p>Vollmundig hatte die Fischer\/D\u00f6rmann- Enquete bereits mit deren Einsetzungsantrag verk\u00fcndet, die &#8222;\u00d6ffentlichkeit in besonderem Ma\u00dfe&#8220; einbeziehen zu wollen. Von ganz neuen Formen &#8222;virtueller B\u00fcrgerbeteiligung&#8220; war die Rede.\u00a0Nun: Zumindest zu dieser ersten Sitzung mit einem wesentlichen Fachthema ist davon nichts mehr zu versp\u00fcren.<!--more--><\/p>\n<p>Weder haben sich die Fraktionen der M\u00fche unterzogen, grunds\u00e4tzlich vorab Position zu beziehen noch gibt es irgendwelche Hinweise auf die internationale Debatte. Kein Mitglied der Enquete beteiligte sich an der Forumsdiskussion. Zu Beginn der Sitzung wurden diese Beitr\u00e4ge kurz zusammengefasst. Im Nachhinein bin ich ja froh, dort einige Fragen gestellt zu haben. Sonst h\u00e4tte der arme Berichterstatter zu Beginn der Sitzung wenig Material zur Berichterstattung gehabt.<\/p>\n<p>Ansonsten wurde vorbereitend nur ein (in der Sache korrektes aber d\u00fcnnes) Papier des wissenschaftliches Dienstes des Bundestages (ohne Link) der staunenden \u00d6ffentlichkeit zur Diskussion hingeworfen:<\/p>\n<p><a href=\"http:\/\/www.bundestag.de\/dokumente\/analysen\/2010\/Netzneutralitaet.pdf\">http:\/\/www.bundestag.de\/dokumente\/analysen\/2010\/Netzneutralitaet.pdf<\/a><\/p>\n<p>Erstaunlich, dass sich da wie ausgef\u00fchrt sogar einige wenige Menschen bereit zeigten, wie sich wie ich im Forum der Enquete zu Wort zu melden. Das war es dann aber auch. Insbesondere von der FDP, die ja bekanntlich im Wirtschaftsministerium ein <span style=\"text-decoration: line-through;\">Ministerle <\/span>Br\u00fcderle stellt, h\u00e4tte man seitens ihrer &#8222;Open Enquete&#8220; ja etwas erwarten k\u00f6nnen. Nichts dergleichen. Auch die Sachverst\u00e4ndigen sind weitgehend auf Tauchstation.\u00a0 Eine Ausnahme macht, wenngleich nur technisch und reichlich unpolitisch, Beckedahl auf<\/p>\n<p>http:\/\/www.netzpolitik.org\/2010\/eine-definition-von-netzneutralitaet\/ .<\/p>\n<p>Zumindest auf der Webseite des Bundestages ist bislang weder er noch eine(r) der Sachverst\u00e4ndigen mit diesem Thema pr\u00e4sent. Dass dies erst recht f\u00fcr die Abgeordneten gilt, muss als blamables Randereignis kaum kommentiert werden.<\/p>\n<p>In seinem Blog hat wenigstens Rechtsanwalt Thomas Stadler die eigentlich wichtige Frage STAATLICHER Netzneutralit\u00e4t aufgeworfen. Daf\u00fcr bin ich sehr dankbar, weil sich die Debatte bislang zu stark auf die Provider fokusiert hat.<\/p>\n<p><a href=\"http:\/\/www.internet-law.de\/2010\/06\/netzneutralitat-2.html\">http:\/\/www.internet-law.de\/2010\/06\/netzneutralitat-2.html<\/a><\/p>\n<p>Ich bin gespannt, wie die Enquete mit dieser grunds\u00e4tzlichen Frage, wenn man sich \u00fcberhaupt damit besch\u00e4ftigt, umgeht.<\/p>\n<p>Ansonsten pl\u00e4tscherte die Sitzung zur Netzneutralit\u00e4t im Wesentlichen mit dem Verlesen von Statements so vor sich hin:<\/p>\n<p>Erwartungsgem\u00e4\u00df trafen ohne klare politische Signale die unterschiedlichsten Interessen von Wirtschaft und Fraktionen aufeinander. W\u00e4hrend die Wirtschaftsvertreter von 1&amp;1 (Osthaus) bis hin zu Bitkom (Rohleder) und sogar ein Wissenschaftler (Weinhardt, KIT Karlsruhe) klare Priorisierungen in den Netzen forderten und dies sogar f\u00fcr &#8222;innovativ&#8220; hielten, wurde dies vom CCC (Kurz), padeluun und Alvar Freude, der f\u00fcr die SPD das erste Rederecht erhielt, zur\u00fcckgewiesen. Kurz ging am weitesten, indem sie ein &#8222;Grundrecht auf Netzneutralit\u00e4t&#8220; forderte.<\/p>\n<p>Die Abgeordneten verhielten sich erwartungsgem\u00e4\u00df eher zur\u00fcckhaltend und begn\u00fcgten sich wie Jimmi Schulz (FDP) mit allgemeinen Appellen: &#8222;Ein gemeinsames Verst\u00e4ndnis des Begriffs (Anm.: Netzneutralit\u00e4t) sei notwendig.&#8220; Wer wollte dem widersprechen?<\/p>\n<p>Doch kein Beobachter hatte den Eindruck, dass von dieser Enquete oder dem Deutschen Bundestag in Richtung Europa f\u00fcr Deutschland irgendein Signal in Richtung Netzneutralit\u00e4t ausgehen wird. Aber man trifft sich jetzt wenigstens in einer Arbeitsgruppe, deren Protokoll ver\u00f6ffentlicht werden soll. Wie sch\u00f6n!<\/p>\n<p>Weiterhin gibt es \u00fcbrigens auf netzpolitik.org einen Bericht \u00fcber das Ergebnis der Klausurtagung vom 18. Mai, der aber gleichfalls mehr Fragen offen l\u00e4sst, als dass er Antworten gibt:<\/p>\n<blockquote class=\"wp-embedded-content\" data-secret=\"5D5Yvh4nwi\"><p><a href=\"https:\/\/netzpolitik.org\/2010\/bericht-von-der-klausur-tagung-der-enquete-kommission\/\">Bericht von der Klausur-Tagung der Enquete-Kommission<\/a><\/p><\/blockquote>\n<p><iframe loading=\"lazy\" class=\"wp-embedded-content\" sandbox=\"allow-scripts\" security=\"restricted\" style=\"position: absolute; clip: rect(1px, 1px, 1px, 1px);\" title=\"&#8222;Bericht von der Klausur-Tagung der Enquete-Kommission&#8220; &#8212; netzpolitik.org\" src=\"https:\/\/netzpolitik.org\/2010\/bericht-von-der-klausur-tagung-der-enquete-kommission\/embed\/#?secret=qdac3uSC8Z#?secret=5D5Yvh4nwi\" data-secret=\"5D5Yvh4nwi\" width=\"600\" height=\"338\" frameborder=\"0\" marginwidth=\"0\" marginheight=\"0\" scrolling=\"no\"><\/iframe><\/p>\n<p>Schon jetzt (!), bevor es \u00fcberhaupt richtig losgeht, wird die \u00d6ffentlichkeit von diesem Teil der Enquetearbeit ausgeschlossen. An sie wird bei diesen Projektgruppen aber offensichtlich nicht gedacht. Sie sollen ungest\u00f6rt (von wem??) arbeiten. Dabei w\u00fcrde sich gerade deren Arbeit f\u00fcr einen breiten \u00f6ffentlichen Diskurs anbieten. Meine Kritik auf twitter wurde aus dem gr\u00fcnen Bundestagsumfeld als &#8222;Gemotze&#8220; kritisiert. Selbst die Protokolle der Sitzungen w\u00fcrden ver\u00f6ffentlicht. Ist die (eigentlich selbstverst\u00e4ndliche) Ver\u00f6ffentlichung von Protokollen tats\u00e4chlich das h\u00f6chst vorstellbare Ma\u00df an B\u00fcrger&#8220;beteiligung&#8220; f\u00fcr die Gr\u00fcnen?<\/p>\n<p>Unbeantwortet blieb die Frage, wie sich die Parteien zu diesem Vorgang gestellt haben. Wer war f\u00fcr \u00d6ffentlickeit? Bisher hat sich lediglich die Linke &#8222;geoutet&#8220;&#8230;.Vermutlich war sie es alleine.<\/p>\n<p>Ich habe dann im Vorfeld der Sitzung an den Bundestag noch ein paar Fragen gestellt: Beispielsweise, wie er sich die &#8222;neuen Formen virtueller B\u00fcrgerbeteiligung&#8220; an der Enquetearbeit tats\u00e4chlich vorstellt. Viel NEUES war bislang wie ausgef\u00fchrt nicht feststellbar. Die Union sprach bei der Einsetzung vom &#8222;B\u00fcrger als 18. Sachverst\u00e4ndigen&#8220;. Nun sitzt der tats\u00e4chlich unerw\u00fcnschte B\u00fcrger schon anl\u00e4sslich der ersten Sitzung wieder einmal mehr nur auf der Trib\u00fcne.<\/p>\n<p>Interessant bleibt daher, wie sich die eingesetzten Projektgruppen zu den Themen Netzneutralit\u00e4t, Urheberrecht und Datenschutz zusammensetzen, wie deren Arbeit geplant ist und wie sich die &#8222;Geheimhaltung&#8220; und Nicht\u00f6ffentlichkeit begr\u00fcndet. Denn gerade bei diesen Themen b\u00f6te sich ein &#8222;Call for Papers&#8220;, eine breite Einbeziehung von Experten und Betroffenen an. Die schrecklich altbackenen Reden Ulrich Wickerts und der Justizministerin zum 3. Korb einer Urheberrechtsreform an diesem Tag zeigen den gesellschaftlichen Bedarf f\u00fcr eine solche Debatte auf. Die Enquete l\u00e4uft aber wie bef\u00fcrchtet Gefahr, ihre wenigen Chancen schon am Anfang zu vertun.<\/p>\n","protected":false},"excerpt":{"rendered":"<p>Aktualisiert am 17. 6. Am Welttag des Strickens (14.6.) tagte die Enquetekommission zum Thema &#8222;Netzneutralit\u00e4t&#8220;. Viel herumgestrickt am Thema wurde im Vorfeld leider nicht. Insofern scheint die Arbeit wirklicher \u00a0Strickerinnen etwas fundierter zu sein. Vollmundig hatte die Fischer\/D\u00f6rmann- Enquete bereits mit deren Einsetzungsantrag verk\u00fcndet, die &#8222;\u00d6ffentlichkeit in besonderem Ma\u00dfe&#8220; einbeziehen zu wollen. Von ganz neuen [&hellip;]<\/p>\n","protected":false},"author":3,"featured_media":0,"comment_status":"open","ping_status":"open","sticky":false,"template":"","format":"standard","meta":{"footnotes":""},"categories":[1],"tags":[31,32,56],"class_list":["post-1061","post","type-post","status-publish","format-standard","hentry","category-allgemein","tag-enquete","tag-internet","tag-netzneutralitat"],"_links":{"self":[{"href":"https:\/\/www.tauss-gezwitscher.de\/index.php?rest_route=\/wp\/v2\/posts\/1061","targetHints":{"allow":["GET"]}}],"collection":[{"href":"https:\/\/www.tauss-gezwitscher.de\/index.php?rest_route=\/wp\/v2\/posts"}],"about":[{"href":"https:\/\/www.tauss-gezwitscher.de\/index.php?rest_route=\/wp\/v2\/types\/post"}],"author":[{"embeddable":true,"href":"https:\/\/www.tauss-gezwitscher.de\/index.php?rest_route=\/wp\/v2\/users\/3"}],"replies":[{"embeddable":true,"href":"https:\/\/www.tauss-gezwitscher.de\/index.php?rest_route=%2Fwp%2Fv2%2Fcomments&post=1061"}],"version-history":[{"count":24,"href":"https:\/\/www.tauss-gezwitscher.de\/index.php?rest_route=\/wp\/v2\/posts\/1061\/revisions"}],"predecessor-version":[{"id":1186,"href":"https:\/\/www.tauss-gezwitscher.de\/index.php?rest_route=\/wp\/v2\/posts\/1061\/revisions\/1186"}],"wp:attachment":[{"href":"https:\/\/www.tauss-gezwitscher.de\/index.php?rest_route=%2Fwp%2Fv2%2Fmedia&parent=1061"}],"wp:term":[{"taxonomy":"category","embeddable":true,"href":"https:\/\/www.tauss-gezwitscher.de\/index.php?rest_route=%2Fwp%2Fv2%2Fcategories&post=1061"},{"taxonomy":"post_tag","embeddable":true,"href":"https:\/\/www.tauss-gezwitscher.de\/index.php?rest_route=%2Fwp%2Fv2%2Ftags&post=1061"}],"curies":[{"name":"wp","href":"https:\/\/api.w.org\/{rel}","templated":true}]}}